{"id":129901,"date":"2019-01-06T06:53:03","date_gmt":"2019-01-06T08:53:03","guid":{"rendered":"https:\/\/diarioregionaldigital.com.br\/?p=129901"},"modified":"2019-01-03T20:54:36","modified_gmt":"2019-01-03T22:54:36","slug":"para-o-seu-mundo-mudar-voce-tem-de-mudar","status":"publish","type":"post","link":"https:\/\/diarioregionaldigital.com.br\/?p=129901","title":{"rendered":"PARA O SEU MUNDO MUDAR, VOC\u00ca TEM DE MUDAR!"},"content":{"rendered":"<p>\u00c9 s\u00f3 com a participa\u00e7\u00e3o do hemisf\u00e9rio direito do seu c\u00e9rebro que voc\u00ea vai conseguir mudar suas cren\u00e7as, suas percep\u00e7\u00f5es, seu compor\u00adta\u00admento e, em conse\u00adq\u00fc\u00ean\u00adcia, seus resultados.<\/p>\n<p><strong>Como conseguir fazer essas modifica\u00e7\u00f5es?<\/strong><\/p>\n<p>Se voc\u00ea continuar fazendo o que sempre fez, vai continuar obtendo o que sempre obteve. Se quiser algu\u00adma coisa a mais na vida, vai ter de passar a fazer algo mais.<\/p>\n<p>\u00c9 um erro pensar que um indiv\u00edduo pode obter um resultado diferente, fazendo exatamente o que sempre fez.<\/p>\n<p>Para o seu mundo mudar, voc\u00ea tem de mudar. E, para mudar, voc\u00ea tem de mudar suas cren\u00e7as, que v\u00e3o mudar as suas percep\u00e7\u00f5es e a sua realidade.<\/p>\n<p>Na regi\u00e3o de Miami existem muitos iates e, embora proibido, milhares de latinhas de cerveja v\u00e3o parar no fundo do mar. Certa vez, perguntaram a um mergulhador americano o que ele tinha encontrado l\u00e1 embaixo. Ele, ent\u00e3o, respondeu que tinha encontrado isso, mais isso, mais isso e, tamb\u00e9m, latinhas de cerveja Budweiser. A\u00ed, lhe perguntaram como ele sabia que a marca das latinhas de cerveja era Budweiser, e ele, imediatamente respondeu: \u201cOra, eu sei por causa da cor vermelha\u201d.<\/p>\n<p>A percep\u00e7\u00e3o desse mergulhador estava contaminada pelo fato de a cerveja Budweiser ser uma das mais vendidas em seu pa\u00eds. Na verdade, o ser humano n\u00e3o consegue distinguir a cor vermelha abaixo de 150 p\u00e9s, como era o caso. A cor vermelha, nessa profundidade, fica invis\u00edvel.<\/p>\n<p>Um mergulhador franc\u00eas, testado em seguida, disse apenas ter visto no fundo do mar objetos que pareciam ser latinhas de cerveja.<\/p>\n<p>O segredo n\u00e3o \u00e9 ver para crer, como queria S\u00e3o Tom\u00e9. O que importa \u00e9 crer para ver.<\/p>\n<p>Portanto, \u00e9 poss\u00edvel mudar uma realidade desde que modifiquemos nossas cren\u00e7as a respeito dela.<\/p>\n<p>Guarde bem isso:<\/p>\n<ul>\n<li>Tudo o que existe no seu universo f\u00edsico passou, primeiro, pela sua mente.<\/li>\n<li>Tudo o que existe na sala onde voc\u00ea est\u00e1 lendo este livro, agora, passou pela mente de algu\u00e9m, incluindo voc\u00ea. E, antes, passou pela mente de seus pais, de seus av\u00f3s etc.<\/li>\n<li>O fundamental na vida \u00e9 acreditar.<\/li>\n<\/ul>\n<p>\u00c0 medida que voc\u00ea muda suas cren\u00e7as, seus atos se modificam e, em conseq\u00fc\u00eancia, tamb\u00e9m os resultados mudam.<\/p>\n<p>A cren\u00e7a determina seus atos e estes, seus resultados.<\/p>\n<p>Se voc\u00ea tiver uma cren\u00e7a positiva, vai ter atos positivos e resultados po\u00adsitivos. Se voc\u00ea tiver uma cren\u00e7a negativa, vai ter atos negativos e resultados negativos.<\/p>\n","protected":false},"excerpt":{"rendered":"<p>\u00c9 s\u00f3 com a participa\u00e7\u00e3o do hemisf\u00e9rio direito do seu c\u00e9rebro que voc\u00ea vai conseguir mudar suas cren\u00e7as, suas percep\u00e7\u00f5es, seu compor\u00adta\u00admento e, em conse\u00adq\u00fc\u00ean\u00adcia, seus resultados. Como conseguir fazer essas modifica\u00e7\u00f5es? Se voc\u00ea continuar fazendo o que sempre fez, vai continuar obtendo o que sempre obteve. Se quiser algu\u00adma coisa a mais na vida, [&hellip;]<\/p>\n","protected":false},"author":96,"featured_media":96755,"comment_status":"closed","ping_status":"closed","sticky":false,"template":"","format":"standard","meta":{"footnotes":""},"categories":[436,274,439],"tags":[],"class_list":["post-129901","post","type-post","status-publish","format-standard","has-post-thumbnail","hentry","category-destaque-da-semana","category-dr-lair-ribeiro","category-ultima-hora"],"_links":{"self":[{"href":"https:\/\/diarioregionaldigital.com.br\/index.php?rest_route=\/wp\/v2\/posts\/129901","targetHints":{"allow":["GET"]}}],"collection":[{"href":"https:\/\/diarioregionaldigital.com.br\/index.php?rest_route=\/wp\/v2\/posts"}],"about":[{"href":"https:\/\/diarioregionaldigital.com.br\/index.php?rest_route=\/wp\/v2\/types\/post"}],"author":[{"embeddable":true,"href":"https:\/\/diarioregionaldigital.com.br\/index.php?rest_route=\/wp\/v2\/users\/96"}],"replies":[{"embeddable":true,"href":"https:\/\/diarioregionaldigital.com.br\/index.php?rest_route=%2Fwp%2Fv2%2Fcomments&post=129901"}],"version-history":[{"count":0,"href":"https:\/\/diarioregionaldigital.com.br\/index.php?rest_route=\/wp\/v2\/posts\/129901\/revisions"}],"wp:featuredmedia":[{"embeddable":true,"href":"https:\/\/diarioregionaldigital.com.br\/index.php?rest_route=\/wp\/v2\/media\/96755"}],"wp:attachment":[{"href":"https:\/\/diarioregionaldigital.com.br\/index.php?rest_route=%2Fwp%2Fv2%2Fmedia&parent=129901"}],"wp:term":[{"taxonomy":"category","embeddable":true,"href":"https:\/\/diarioregionaldigital.com.br\/index.php?rest_route=%2Fwp%2Fv2%2Fcategories&post=129901"},{"taxonomy":"post_tag","embeddable":true,"href":"https:\/\/diarioregionaldigital.com.br\/index.php?rest_route=%2Fwp%2Fv2%2Ftags&post=129901"}],"curies":[{"name":"wp","href":"https:\/\/api.w.org\/{rel}","templated":true}]}}