{"id":129871,"date":"2019-01-06T06:00:13","date_gmt":"2019-01-06T08:00:13","guid":{"rendered":"https:\/\/diarioregionaldigital.com.br\/?p=129871"},"modified":"2019-01-03T20:50:38","modified_gmt":"2019-01-03T22:50:38","slug":"cerca-de-40-dos-jovens-com-19-anos-nao-concluiram-ensino-medio","status":"publish","type":"post","link":"https:\/\/diarioregionaldigital.com.br\/?p=129871","title":{"rendered":"Cerca de 40% dos jovens com 19 anos n\u00e3o conclu\u00edram ensino m\u00e9dio"},"content":{"rendered":"<p>Mais de um milh\u00e3o de brasileiros com 19 anos n\u00e3o conclu\u00edram o ensino m\u00e9dio. O \u00edndice representa quase 40% do total de jovens com essa idade no Brasil. O dado \u00e9 de um estudo do movimento Todos Pela Educa\u00e7\u00e3o, feito com base na base na Pesquisa Nacional por Amostra de Domic\u00edlio de 2012 a 2018 (Pnad-C) do Instituto Brasileiro de Geografia e Estat\u00edstica (IBGE) divulgado este m\u00eas. Ainda de acordo com o levantamento, do total que n\u00e3o concluiu o ensino m\u00e9dio, 62% n\u00e3o est\u00e3o mais na escola e, desses jovens, 55% pararam de estudar no ensino fundamental.<\/p>\n<p>Em Juiz de Fora, quase cinco mil alunos entre 15 e 17 anos, idade para estarem cursando o ensino m\u00e9dio, est\u00e3o fora das escolas, segundo dados da Superintend\u00eancia Regional de Ensino. Isso representa 18% do total de jovens nessa faixa et\u00e1ria no munic\u00edpio (26.584), um \u00edndice considerado baixo, mas que mostra que o abandono escolar ainda existe.<\/p>\n<p>Em entrevista \u00e0 Ag\u00eancia Brasil, o diretor de Pol\u00edticas Educacionais do Todos pela Educa\u00e7\u00e3o, Olavo Nogueira Filho, explicou que o desafio do pa\u00eds n\u00e3o \u00e9 s\u00f3 garantir a perman\u00eancia dos jovens no ensino m\u00e9dio, mas levar para a escola os que abandonaram as salas de aula. &#8220;Os indicadores mostram que temos graves problemas no ensino m\u00e9dio e n\u00e3o estamos conseguindo revert\u00ea-los. Por\u00e9m, o desafio maior refere-se \u00e0 educa\u00e7\u00e3o b\u00e1sica. Precisamos reverter a trajet\u00f3ria de insucesso na educa\u00e7\u00e3o b\u00e1sica&#8221;, afirmou.<\/p>\n<p>Ainda de segundo o estudo do Todos Pela Educa\u00e7\u00e3o, entre 2012 e 2018, houve um crescimento de 11,8 pontos percentuais na taxa de conclus\u00e3o do ensino m\u00e9dio at\u00e9 os 19 anos.<\/p>\n<div id=\"attachment_129883\" style=\"width: 3466px\" class=\"wp-caption aligncenter\"><img loading=\"lazy\" decoding=\"async\" aria-describedby=\"caption-attachment-129883\" class=\"size-full wp-image-129883\" src=\"https:\/\/diarioregionaldigital.com.br\/wp-content\/uploads\/2019\/01\/RAFAELA-FRUTUOSO-USAR-ESSA-2-2-1.jpg\" alt=\"\" width=\"3456\" height=\"2304\" srcset=\"https:\/\/diarioregionaldigital.com.br\/wp-content\/uploads\/2019\/01\/RAFAELA-FRUTUOSO-USAR-ESSA-2-2-1.jpg 3456w, https:\/\/diarioregionaldigital.com.br\/wp-content\/uploads\/2019\/01\/RAFAELA-FRUTUOSO-USAR-ESSA-2-2-1-300x200.jpg 300w, https:\/\/diarioregionaldigital.com.br\/wp-content\/uploads\/2019\/01\/RAFAELA-FRUTUOSO-USAR-ESSA-2-2-1-768x512.jpg 768w, https:\/\/diarioregionaldigital.com.br\/wp-content\/uploads\/2019\/01\/RAFAELA-FRUTUOSO-USAR-ESSA-2-2-1-1024x683.jpg 1024w, https:\/\/diarioregionaldigital.com.br\/wp-content\/uploads\/2019\/01\/RAFAELA-FRUTUOSO-USAR-ESSA-2-2-1-360x240.jpg 360w\" sizes=\"auto, (max-width: 3456px) 100vw, 3456px\" \/><p id=\"caption-attachment-129883\" class=\"wp-caption-text\">No munic\u00edpio, quase cinco mil alunos entre 15 e 17 anos, est\u00e3o fora das escolas. Foto: Rafaela Frutuoso<\/p><\/div>\n","protected":false},"excerpt":{"rendered":"<p>Mais de um milh\u00e3o de brasileiros com 19 anos n\u00e3o conclu\u00edram o ensino m\u00e9dio. O \u00edndice representa quase 40% do total de jovens com essa idade no Brasil. O dado \u00e9 de um estudo do movimento Todos Pela Educa\u00e7\u00e3o, feito com base na base na Pesquisa Nacional por Amostra de Domic\u00edlio de 2012 a 2018 [&hellip;]<\/p>\n","protected":false},"author":96,"featured_media":129885,"comment_status":"closed","ping_status":"closed","sticky":false,"template":"","format":"standard","meta":{"footnotes":""},"categories":[253,436,440,439],"tags":[],"class_list":["post-129871","post","type-post","status-publish","format-standard","has-post-thumbnail","hentry","category-cidade","category-destaque-da-semana","category-destaques-do-dia","category-ultima-hora"],"_links":{"self":[{"href":"https:\/\/diarioregionaldigital.com.br\/index.php?rest_route=\/wp\/v2\/posts\/129871","targetHints":{"allow":["GET"]}}],"collection":[{"href":"https:\/\/diarioregionaldigital.com.br\/index.php?rest_route=\/wp\/v2\/posts"}],"about":[{"href":"https:\/\/diarioregionaldigital.com.br\/index.php?rest_route=\/wp\/v2\/types\/post"}],"author":[{"embeddable":true,"href":"https:\/\/diarioregionaldigital.com.br\/index.php?rest_route=\/wp\/v2\/users\/96"}],"replies":[{"embeddable":true,"href":"https:\/\/diarioregionaldigital.com.br\/index.php?rest_route=%2Fwp%2Fv2%2Fcomments&post=129871"}],"version-history":[{"count":0,"href":"https:\/\/diarioregionaldigital.com.br\/index.php?rest_route=\/wp\/v2\/posts\/129871\/revisions"}],"wp:featuredmedia":[{"embeddable":true,"href":"https:\/\/diarioregionaldigital.com.br\/index.php?rest_route=\/wp\/v2\/media\/129885"}],"wp:attachment":[{"href":"https:\/\/diarioregionaldigital.com.br\/index.php?rest_route=%2Fwp%2Fv2%2Fmedia&parent=129871"}],"wp:term":[{"taxonomy":"category","embeddable":true,"href":"https:\/\/diarioregionaldigital.com.br\/index.php?rest_route=%2Fwp%2Fv2%2Fcategories&post=129871"},{"taxonomy":"post_tag","embeddable":true,"href":"https:\/\/diarioregionaldigital.com.br\/index.php?rest_route=%2Fwp%2Fv2%2Ftags&post=129871"}],"curies":[{"name":"wp","href":"https:\/\/api.w.org\/{rel}","templated":true}]}}