{"id":129776,"date":"2019-01-03T05:58:55","date_gmt":"2019-01-03T07:58:55","guid":{"rendered":"https:\/\/diarioregionaldigital.com.br\/?p=129776"},"modified":"2019-01-03T09:44:51","modified_gmt":"2019-01-03T11:44:51","slug":"duas-pessoas-morrem-apos-carro-cair-em-rio-em-distrito-de-barbacena","status":"publish","type":"post","link":"https:\/\/diarioregionaldigital.com.br\/?p=129776","title":{"rendered":"Duas pessoas morrem ap\u00f3s carro cair em rio em distrito de Barbacena"},"content":{"rendered":"<div class=\"mc-column content-text active-extra-styles active-capital-letter\" data-block-type=\"unstyled\" data-block-weight=\"44\" data-block-id=\"1\">\n<p>Um rapaz de 25 anos e uma jovem, de 20, morreram ap\u00f3s o carro onde estavam cair em um rio no distrito de Barbacena. O acidente aconteceu nessa quarta-feira, 2, na localidade de Aroleiras. Segundo informa\u00e7\u00f5es de um motociclista que seguia na estrada, o ve\u00edculo caiu no rio quando atravessava uma ponte de madeira.<\/p>\n<\/div>\n<p>De acordo com os bombeiros, o autom\u00f3vel estava com o teto completamente amassado. Em contato com os moradores, as duas pessoas foram identificadas. Eles moravam na cidade do Rio de Janeiro. N\u00e3o foram encontrados documentos e\/ou pertences das v\u00edtimas dentro do ve\u00edculo.<\/p>\n<p>A per\u00edcia compareceu no local com apoio da Pol\u00edcia Militar, guincho e funer\u00e1ria. Ap\u00f3s libera\u00e7\u00e3o, os corpos foram encaminhados ao IML.<\/p>\n","protected":false},"excerpt":{"rendered":"<p>Um rapaz de 25 anos e uma jovem, de 20, morreram ap\u00f3s o carro onde estavam cair em um rio no distrito de Barbacena. O acidente aconteceu nessa quarta-feira, 2, na localidade de Aroleiras. Segundo informa\u00e7\u00f5es de um motociclista que seguia na estrada, o ve\u00edculo caiu no rio quando atravessava uma ponte de madeira. De [&hellip;]<\/p>\n","protected":false},"author":96,"featured_media":0,"comment_status":"closed","ping_status":"closed","sticky":false,"template":"","format":"standard","meta":{"footnotes":""},"categories":[436,440,252,439],"tags":[],"class_list":["post-129776","post","type-post","status-publish","format-standard","hentry","category-destaque-da-semana","category-destaques-do-dia","category-regiao","category-ultima-hora"],"_links":{"self":[{"href":"https:\/\/diarioregionaldigital.com.br\/index.php?rest_route=\/wp\/v2\/posts\/129776","targetHints":{"allow":["GET"]}}],"collection":[{"href":"https:\/\/diarioregionaldigital.com.br\/index.php?rest_route=\/wp\/v2\/posts"}],"about":[{"href":"https:\/\/diarioregionaldigital.com.br\/index.php?rest_route=\/wp\/v2\/types\/post"}],"author":[{"embeddable":true,"href":"https:\/\/diarioregionaldigital.com.br\/index.php?rest_route=\/wp\/v2\/users\/96"}],"replies":[{"embeddable":true,"href":"https:\/\/diarioregionaldigital.com.br\/index.php?rest_route=%2Fwp%2Fv2%2Fcomments&post=129776"}],"version-history":[{"count":0,"href":"https:\/\/diarioregionaldigital.com.br\/index.php?rest_route=\/wp\/v2\/posts\/129776\/revisions"}],"wp:attachment":[{"href":"https:\/\/diarioregionaldigital.com.br\/index.php?rest_route=%2Fwp%2Fv2%2Fmedia&parent=129776"}],"wp:term":[{"taxonomy":"category","embeddable":true,"href":"https:\/\/diarioregionaldigital.com.br\/index.php?rest_route=%2Fwp%2Fv2%2Fcategories&post=129776"},{"taxonomy":"post_tag","embeddable":true,"href":"https:\/\/diarioregionaldigital.com.br\/index.php?rest_route=%2Fwp%2Fv2%2Ftags&post=129776"}],"curies":[{"name":"wp","href":"https:\/\/api.w.org\/{rel}","templated":true}]}}