{"id":129761,"date":"2019-01-02T21:37:22","date_gmt":"2019-01-02T23:37:22","guid":{"rendered":"https:\/\/diarioregionaldigital.com.br\/?p=129761"},"modified":"2019-01-02T21:37:22","modified_gmt":"2019-01-02T23:37:22","slug":"dolar-cai-e-bolsa-bate-recorde-no-primeiro-dia-do-novo-governo","status":"publish","type":"post","link":"https:\/\/diarioregionaldigital.com.br\/?p=129761","title":{"rendered":"D\u00f3lar cai e bolsa bate recorde no primeiro dia do novo governo"},"content":{"rendered":"<p>A cota\u00e7\u00e3o do d\u00f3lar fechou em queda no primeiro dia do governo de Jair Bolsonaro. A moeda estadunidense ficou em R$3,8087, uma varia\u00e7\u00e3o negativa de 1,69%.<\/p>\n<p>J\u00e1 a B3, bolsa de valores oficial do Brasil, iniciou o ano com alta de 3,56%, totalizando 91.012 pontos no fechamento desta quarta-feira, atingindo valor recorde. O recorde anterior, de 89.820 pontos, havia sido registrado em 3 de dezembro de 2018.<\/p>\n<p>No preg\u00e3o de hoje, os pap\u00e9is com melhor desempenho foram da Eletrobras (alta de 20,72%), Eletrobras PNB (alta de 14,52%) e a Sabesp (alta de 9,11%).<\/p>\n<p>Hoje mais cedo, o novo ministro de Minas e Energia, Bento Albuquerque, disse que dar\u00e1 continuidade ao processo de privatiza\u00e7\u00e3o da Eletrobras. Em seu discurso durante a cerim\u00f4nia de transmiss\u00e3o do cargo, ele fez refer\u00eancia ao projeto de privatiza\u00e7\u00e3o da empresa encaminhado pelo ex-presidente Michel Temer ao Congresso em janeiro do ano passado.<\/p>\n<p>O texto encaminhado por Temer prev\u00ea que o processo de venda da Eletrobras se dar\u00e1 por meio da\u00a0<a href=\"http:\/\/agenciabrasil.ebc.com.br\/economia\/noticia\/2019-01\/bento-albuquerque-dara-continuidade-privatizacao-da-eletrobras\" target=\"_blank\" rel=\"noopener\">capitaliza\u00e7\u00e3o de a\u00e7\u00f5es<\/a>. Na pr\u00e1tica, haveria uma pulveriza\u00e7\u00e3o das a\u00e7\u00f5es da empresa at\u00e9 que a Uni\u00e3o fique como s\u00f3cia minorit\u00e1ria.<\/p>\n<p>Ap\u00f3s a fala de Albuquerque, o presidente da Eletrobras, Wilson Ferreira Jr.,<a href=\"http:\/\/agenciabrasil.ebc.com.br\/economia\/noticia\/2019-01\/presidente-da-eletrobras-diz-que-capitalizacao-e-necessaria\" target=\"_blank\" rel=\"noopener\">\u00a0defendeu a capitaliza\u00e7\u00e3o<\/a>\u00a0da empresa, afirmando que \u00e9 necess\u00e1ria para que a companhia volte a receber investimentos.<\/p>\n<p>&nbsp;<\/p>\n<p>Fonte: Ag\u00eancia Brasil<\/p>\n","protected":false},"excerpt":{"rendered":"<p>A cota\u00e7\u00e3o do d\u00f3lar fechou em queda no primeiro dia do governo de Jair Bolsonaro. A moeda estadunidense ficou em R$3,8087, uma varia\u00e7\u00e3o negativa de 1,69%. J\u00e1 a B3, bolsa de valores oficial do Brasil, iniciou o ano com alta de 3,56%, totalizando 91.012 pontos no fechamento desta quarta-feira, atingindo valor recorde. O recorde anterior, [&hellip;]<\/p>\n","protected":false},"author":96,"featured_media":129762,"comment_status":"closed","ping_status":"closed","sticky":false,"template":"","format":"standard","meta":{"footnotes":""},"categories":[440,261,439],"tags":[],"class_list":["post-129761","post","type-post","status-publish","format-standard","has-post-thumbnail","hentry","category-destaques-do-dia","category-economia","category-ultima-hora"],"_links":{"self":[{"href":"https:\/\/diarioregionaldigital.com.br\/index.php?rest_route=\/wp\/v2\/posts\/129761","targetHints":{"allow":["GET"]}}],"collection":[{"href":"https:\/\/diarioregionaldigital.com.br\/index.php?rest_route=\/wp\/v2\/posts"}],"about":[{"href":"https:\/\/diarioregionaldigital.com.br\/index.php?rest_route=\/wp\/v2\/types\/post"}],"author":[{"embeddable":true,"href":"https:\/\/diarioregionaldigital.com.br\/index.php?rest_route=\/wp\/v2\/users\/96"}],"replies":[{"embeddable":true,"href":"https:\/\/diarioregionaldigital.com.br\/index.php?rest_route=%2Fwp%2Fv2%2Fcomments&post=129761"}],"version-history":[{"count":0,"href":"https:\/\/diarioregionaldigital.com.br\/index.php?rest_route=\/wp\/v2\/posts\/129761\/revisions"}],"wp:featuredmedia":[{"embeddable":true,"href":"https:\/\/diarioregionaldigital.com.br\/index.php?rest_route=\/wp\/v2\/media\/129762"}],"wp:attachment":[{"href":"https:\/\/diarioregionaldigital.com.br\/index.php?rest_route=%2Fwp%2Fv2%2Fmedia&parent=129761"}],"wp:term":[{"taxonomy":"category","embeddable":true,"href":"https:\/\/diarioregionaldigital.com.br\/index.php?rest_route=%2Fwp%2Fv2%2Fcategories&post=129761"},{"taxonomy":"post_tag","embeddable":true,"href":"https:\/\/diarioregionaldigital.com.br\/index.php?rest_route=%2Fwp%2Fv2%2Ftags&post=129761"}],"curies":[{"name":"wp","href":"https:\/\/api.w.org\/{rel}","templated":true}]}}