{"id":129745,"date":"2019-01-02T21:17:12","date_gmt":"2019-01-02T23:17:12","guid":{"rendered":"https:\/\/diarioregionaldigital.com.br\/?p=129745"},"modified":"2019-01-02T21:17:12","modified_gmt":"2019-01-02T23:17:12","slug":"vereadores-solicitam-pericia-em-acidente-no-bairro-sao-pedro","status":"publish","type":"post","link":"https:\/\/diarioregionaldigital.com.br\/?p=129745","title":{"rendered":"Vereadores solicitam per\u00edcia em acidente no bairro S\u00e3o Pedro"},"content":{"rendered":"<p>Os vereadores Sargento Mello Casal (PTB) e Z\u00e9 M\u00e1rcio &#8211; Garotinho (PV) estiveram na manh\u00e3 desta quarta-feira, 2, na Rua Jo\u00e3o Krolman Sobrinho, 615, Residencial dos Pinheiros, onde o eixo traseiro do \u00f4nibus placa HIJ9824, linha Dom Bosco-Borboleta, se rompeu. Os vereadores conversaram com os moradores e realizaram uma visita \u00e0 Tusmil onde tiveram acesso ao ve\u00edculo e conversaram com o gerente de manuten\u00e7\u00e3o J\u00falio C\u00e9sar de Oliveira J\u00fanior. Os parlamentares, que integram a CPI dos \u00d4nibus, solicitaram \u00e0 Pol\u00edcia Civil que realize uma per\u00edcia para apurar as prov\u00e1veis causas do acidente. Tamb\u00e9m foi solicitada \u00e0 Tusmil a repara\u00e7\u00e3o do dano causado \u00e0 resid\u00eancia e \u00e0 Cemig a troca do poste que foi danificado.<\/p>\n<p>&#8220;Muitos moradores reclamam da falta de manuten\u00e7\u00e3o dos \u00f4nibus. Por isso, \u00e9 importante apurar as causas desse acidente que poderia ter sido mais grave se o ve\u00edculo estivesse com passageiros no momento da quebra do eixo&#8221;, argumenta o vereador Sargento Mello Casal, que j\u00e1 encaminhou \u00e0 Presid\u00eancia da Comiss\u00e3o o Boletim de Ocorr\u00eancia. &#8220;Todos os documentos envolvendo esse acidente, inclusive o laudo da per\u00edcia, ser\u00e3o anexados aos autos do processo da CPI dos \u00d4nibus&#8221;, afirmou Z\u00e9 M\u00e1rcio.<\/p>\n<p>Segundo o Registro de Ocorr\u00eancia da Pol\u00edcia Militar, o motorista informou que seguia com o ve\u00edculo para a empresa, a fim de realizar reparos, quando ouviu um forte estrondo e perdeu o controle da dire\u00e7\u00e3o batendo em um poste e no muro da resid\u00eancia. Segundo a propriet\u00e1ria do im\u00f3vel, Maria L\u00facia Arlindo Silva, o acidente aconteceu por volta das 7h15 enquanto a fam\u00edlia ainda dormia.<\/p>\n<p>Al\u00e9m de Z\u00e9 M\u00e1rcio Garotinho e Sargento Mello Casal, integram a comiss\u00e3o o vereador-presidente da CPI Adriano Miranda (PHS) e os vereadores Cido Reis (PSB) e Wanderson Castelar (PT).<\/p>\n","protected":false},"excerpt":{"rendered":"<p>Os vereadores Sargento Mello Casal (PTB) e Z\u00e9 M\u00e1rcio &#8211; Garotinho (PV) estiveram na manh\u00e3 desta quarta-feira, 2, na Rua Jo\u00e3o Krolman Sobrinho, 615, Residencial dos Pinheiros, onde o eixo traseiro do \u00f4nibus placa HIJ9824, linha Dom Bosco-Borboleta, se rompeu. Os vereadores conversaram com os moradores e realizaram uma visita \u00e0 Tusmil onde tiveram acesso [&hellip;]<\/p>\n","protected":false},"author":96,"featured_media":129746,"comment_status":"closed","ping_status":"closed","sticky":false,"template":"","format":"standard","meta":{"footnotes":""},"categories":[440,254,439],"tags":[],"class_list":["post-129745","post","type-post","status-publish","format-standard","has-post-thumbnail","hentry","category-destaques-do-dia","category-politica","category-ultima-hora"],"_links":{"self":[{"href":"https:\/\/diarioregionaldigital.com.br\/index.php?rest_route=\/wp\/v2\/posts\/129745","targetHints":{"allow":["GET"]}}],"collection":[{"href":"https:\/\/diarioregionaldigital.com.br\/index.php?rest_route=\/wp\/v2\/posts"}],"about":[{"href":"https:\/\/diarioregionaldigital.com.br\/index.php?rest_route=\/wp\/v2\/types\/post"}],"author":[{"embeddable":true,"href":"https:\/\/diarioregionaldigital.com.br\/index.php?rest_route=\/wp\/v2\/users\/96"}],"replies":[{"embeddable":true,"href":"https:\/\/diarioregionaldigital.com.br\/index.php?rest_route=%2Fwp%2Fv2%2Fcomments&post=129745"}],"version-history":[{"count":0,"href":"https:\/\/diarioregionaldigital.com.br\/index.php?rest_route=\/wp\/v2\/posts\/129745\/revisions"}],"wp:featuredmedia":[{"embeddable":true,"href":"https:\/\/diarioregionaldigital.com.br\/index.php?rest_route=\/wp\/v2\/media\/129746"}],"wp:attachment":[{"href":"https:\/\/diarioregionaldigital.com.br\/index.php?rest_route=%2Fwp%2Fv2%2Fmedia&parent=129745"}],"wp:term":[{"taxonomy":"category","embeddable":true,"href":"https:\/\/diarioregionaldigital.com.br\/index.php?rest_route=%2Fwp%2Fv2%2Fcategories&post=129745"},{"taxonomy":"post_tag","embeddable":true,"href":"https:\/\/diarioregionaldigital.com.br\/index.php?rest_route=%2Fwp%2Fv2%2Ftags&post=129745"}],"curies":[{"name":"wp","href":"https:\/\/api.w.org\/{rel}","templated":true}]}}