{"id":129720,"date":"2019-01-02T17:18:45","date_gmt":"2019-01-02T19:18:45","guid":{"rendered":"https:\/\/diarioregionaldigital.com.br\/?p=129720"},"modified":"2019-01-02T17:18:45","modified_gmt":"2019-01-02T19:18:45","slug":"diario-oficial-traz-nomeacao-de-secretarios-executivos-dos-ministerios","status":"publish","type":"post","link":"https:\/\/diarioregionaldigital.com.br\/?p=129720","title":{"rendered":"Di\u00e1rio Oficial traz nomea\u00e7\u00e3o de secret\u00e1rios-executivos dos minist\u00e9rios"},"content":{"rendered":"<p>A p\u00e1gina eletr\u00f4nica da Imprensa Nacional publica nesta quarta-feira, 2,\u00a0<a href=\"http:\/\/www.in.gov.br\/leiturajornal?data=02-01-2019&amp;secao=dou2e\" target=\"_blank\" rel=\"noopener\">edi\u00e7\u00e3o extra do Di\u00e1rio Oficial Uni\u00e3o<\/a>(DOU) com os decretos assinados pelo presidente Jair Bolsonaro para nomea\u00e7\u00e3o de novos ocupantes de postos-chave da administra\u00e7\u00e3o p\u00fablica federal.<\/p>\n<p>As nomea\u00e7\u00f5es incluem, entre outros cargos, as secretarias-executivas dos minist\u00e9rios e assessores que atuam no Pal\u00e1cio do Planalto. Pedro Cesar Nunes Ferreira Marques de Sousa, foi nomeado como chefe do Gabinete Pessoal do Presidente da Rep\u00fablica.<\/p>\n<p>Entre as pastas que funcionam do Pal\u00e1cio do Planalto, Abraham Bragan\u00e7a de Vasconcellos Weintraub foi nomeado para exercer o cargo de secret\u00e1rio-executivo da Casa Civil. Da mesma pasta, o DOU traz o nome de Pablo Antonio Fernando Tatim dos Santos\u00a0para o cargo de subchefe de A\u00e7\u00e3o Governamental.<\/p>\n<p>Na estrutura da Secretaria de Governo foi nomeado Mauro Biancamano Guimar\u00e3es como secret\u00e1rio-executivo; e Floriano Barbosa de Amorim Neto, como secret\u00e1rio especial de Comunica\u00e7\u00e3o Social. Floriano Peixoto Vieira Neto \u00e9 o novo secret\u00e1rio-executivo da Secretaria-Geral da Presid\u00eancia da Rep\u00fablica.<\/p>\n<p>Os decretos tamb\u00e9m tratam da Secretaria-Executiva do Minist\u00e9rio da Economia, para o qual foi nomeado Marcelo Pacheco dos Guaranys; e da Secretaria-Executiva do Minist\u00e9rio de Rela\u00e7\u00f5es Exteriores, agora ocupada pelo embaixador Ot\u00e1vio Brandelli.<\/p>\n<p>Luiz Pontel de Souza \u00e9 o novo secret\u00e1rio-executivo do Minist\u00e9rio da Justi\u00e7a e Seguran\u00e7a P\u00fablica. Na mesma pasta, Roberto Leonel de Oliveira Lima \u00e9 o novo presidente do Conselho de Controle de Atividades Financeiras (Coaf). Jos\u00e9 Marcelo Castro de Carvalho \u00e9 o novo secret\u00e1rio-executivo da Controladoria-Geral da Uni\u00e3o (CGU).<\/p>\n<p>O secret\u00e1rio-executivo do Minist\u00e9rio da Infraestrutura \u00e9 Marcelo Sampaio Cunha Filho. Marisete F\u00e1tima Dadald Pereira \u00e9 a nova secret\u00e1ria-executiva do Minist\u00e9rio de Minas e Energia. Antonio Carlos Paiva Futuro foi nomeado para a secret\u00e1ria-executiva do Minist\u00e9rio do Desenvolvimento Regional.<\/p>\n<p>Fonte: Ag\u00eancia Brasil<\/p>\n","protected":false},"excerpt":{"rendered":"<p>A p\u00e1gina eletr\u00f4nica da Imprensa Nacional publica nesta quarta-feira, 2,\u00a0edi\u00e7\u00e3o extra do Di\u00e1rio Oficial Uni\u00e3o(DOU) com os decretos assinados pelo presidente Jair Bolsonaro para nomea\u00e7\u00e3o de novos ocupantes de postos-chave da administra\u00e7\u00e3o p\u00fablica federal. As nomea\u00e7\u00f5es incluem, entre outros cargos, as secretarias-executivas dos minist\u00e9rios e assessores que atuam no Pal\u00e1cio do Planalto. Pedro Cesar Nunes [&hellip;]<\/p>\n","protected":false},"author":96,"featured_media":129721,"comment_status":"closed","ping_status":"closed","sticky":false,"template":"","format":"standard","meta":{"footnotes":""},"categories":[436,254,439],"tags":[],"class_list":["post-129720","post","type-post","status-publish","format-standard","has-post-thumbnail","hentry","category-destaque-da-semana","category-politica","category-ultima-hora"],"_links":{"self":[{"href":"https:\/\/diarioregionaldigital.com.br\/index.php?rest_route=\/wp\/v2\/posts\/129720","targetHints":{"allow":["GET"]}}],"collection":[{"href":"https:\/\/diarioregionaldigital.com.br\/index.php?rest_route=\/wp\/v2\/posts"}],"about":[{"href":"https:\/\/diarioregionaldigital.com.br\/index.php?rest_route=\/wp\/v2\/types\/post"}],"author":[{"embeddable":true,"href":"https:\/\/diarioregionaldigital.com.br\/index.php?rest_route=\/wp\/v2\/users\/96"}],"replies":[{"embeddable":true,"href":"https:\/\/diarioregionaldigital.com.br\/index.php?rest_route=%2Fwp%2Fv2%2Fcomments&post=129720"}],"version-history":[{"count":0,"href":"https:\/\/diarioregionaldigital.com.br\/index.php?rest_route=\/wp\/v2\/posts\/129720\/revisions"}],"wp:featuredmedia":[{"embeddable":true,"href":"https:\/\/diarioregionaldigital.com.br\/index.php?rest_route=\/wp\/v2\/media\/129721"}],"wp:attachment":[{"href":"https:\/\/diarioregionaldigital.com.br\/index.php?rest_route=%2Fwp%2Fv2%2Fmedia&parent=129720"}],"wp:term":[{"taxonomy":"category","embeddable":true,"href":"https:\/\/diarioregionaldigital.com.br\/index.php?rest_route=%2Fwp%2Fv2%2Fcategories&post=129720"},{"taxonomy":"post_tag","embeddable":true,"href":"https:\/\/diarioregionaldigital.com.br\/index.php?rest_route=%2Fwp%2Fv2%2Ftags&post=129720"}],"curies":[{"name":"wp","href":"https:\/\/api.w.org\/{rel}","templated":true}]}}