{"id":129689,"date":"2019-01-02T11:55:33","date_gmt":"2019-01-02T13:55:33","guid":{"rendered":"https:\/\/diarioregionaldigital.com.br\/?p=129689"},"modified":"2019-01-02T11:55:33","modified_gmt":"2019-01-02T13:55:33","slug":"ministerio-da-agricultura-fica-responsavel-por-demarcar-terra-indigena","status":"publish","type":"post","link":"https:\/\/diarioregionaldigital.com.br\/?p=129689","title":{"rendered":"Minist\u00e9rio da Agricultura fica respons\u00e1vel por demarcar terra ind\u00edgena"},"content":{"rendered":"<p>Em <a href=\"http:\/\/www.in.gov.br\/materia\/-\/asset_publisher\/Kujrw0TZC2Mb\/content\/id\/57510830\" target=\"_blank\" rel=\"noopener\">medida provis\u00f3ria<\/a> divulgada na noite dessa ter\u00e7a-feira, 1, em edi\u00e7\u00e3o extra do <em>Di\u00e1rio Oficial da Uni\u00e3o<\/em>, o governo de Jair Bolsonaro estabelece que o Minist\u00e9rio da Agricultura, Pecu\u00e1ria e Abastecimento (Mapa) passar\u00e1 a fazer a identifica\u00e7\u00e3o, a delimita\u00e7\u00e3o e a demarca\u00e7\u00e3o de terras ind\u00edgenas.<\/p>\n<p>Um <a href=\"http:\/\/agenciabrasil.ebc.com.br\/politica\/noticia\/2018-12\/bolsonaro-vai-criar-conselho-interministerial-para-conflitos-de-terras\" target=\"_blank\" rel=\"noopener\">conselho interministerial\u00a0<\/a> deve ser criado para tratar do assunto. At\u00e9 ent\u00e3o, o processo ficava a cargo da Funda\u00e7\u00e3o Nacional do \u00cdndio (Funai). O conselho interministerial deve reunir as pastas da Agricultura, Defesa, Meio Ambiente, Direitos Humanos e Gabinete de Seguran\u00e7a Institucional.<\/p>\n<p>A publica\u00e7\u00e3o tamb\u00e9m transfere do Instituto Nacional de Coloniza\u00e7\u00e3o e Reforma Agr\u00e1ria (Incra) para a pasta a responsabilidade pela regulariza\u00e7\u00e3o de terras quilombolas.<\/p>\n<p>No caso de terras quilombolas, o processo, atualmente, envolve sete etapas, come\u00e7ando pela abertura de um processo no Incra. Na sequ\u00eancia, estudos e relat\u00f3rios sobre a \u00e1rea reclamada s\u00e3o elaborados, at\u00e9 que um decreto presidencial oficialize a concess\u00e3o do t\u00edtulo de propriedade, se o entendimento for de que a regi\u00e3o pertence, de fato, a descendentes de escravos.<\/p>\n<h2>Secretaria especial<\/h2>\n<p>Em 18 de dezembro, o minist\u00e9rio anunciou uma altera\u00e7\u00e3o na estrutura da pasta. A reorganiza\u00e7\u00e3o inclui a cria\u00e7\u00e3o da Secretaria Especial de Assuntos Fundi\u00e1rios, que, sob o comando do t\u00e9cnico em zootecnia Luiz Ant\u00f4nio Nabhan Garcia, vai tratar da regulariza\u00e7\u00e3o fundi\u00e1ria, incluindo as atividades de identifica\u00e7\u00e3o e\u00a0demarca\u00e7\u00e3o de terras ind\u00edgenas e quilombolas, o licenciamento ambiental e as pol\u00edticas de reforma agr\u00e1ria.<\/p>\n<p>Segundo nota da assessoria da pasta, a execu\u00e7\u00e3o dessas pol\u00edticas caber\u00e1 ao Incra, inclusive relativas a quest\u00f5es ind\u00edgenas e quilombolas. J\u00e1 a\u00a0Funai, que far\u00e1 parte do Minist\u00e9rio da Mulher, Fam\u00edlia e Direitos Humanos, continuar\u00e1 a atuar nos assuntos ligados aos povos ind\u00edgenas.<\/p>\n<p>Em nota enviada \u00e0 <strong>Ag\u00eancia Brasil<\/strong>, a Funai destacou que respeita a decis\u00e3o do novo governo e que continuar\u00e1 a cumprir a miss\u00e3o institucional de proteger e promover os direitos dos povos ind\u00edgenas.<\/p>\n<p><em>Fonte: Ag\u00eancia Brasil<\/em><\/p>\n","protected":false},"excerpt":{"rendered":"<p>Em medida provis\u00f3ria divulgada na noite dessa ter\u00e7a-feira, 1, em edi\u00e7\u00e3o extra do Di\u00e1rio Oficial da Uni\u00e3o, o governo de Jair Bolsonaro estabelece que o Minist\u00e9rio da Agricultura, Pecu\u00e1ria e Abastecimento (Mapa) passar\u00e1 a fazer a identifica\u00e7\u00e3o, a delimita\u00e7\u00e3o e a demarca\u00e7\u00e3o de terras ind\u00edgenas. Um conselho interministerial\u00a0 deve ser criado para tratar do assunto. [&hellip;]<\/p>\n","protected":false},"author":96,"featured_media":97787,"comment_status":"closed","ping_status":"closed","sticky":false,"template":"","format":"standard","meta":{"footnotes":""},"categories":[254,439],"tags":[],"class_list":["post-129689","post","type-post","status-publish","format-standard","has-post-thumbnail","hentry","category-politica","category-ultima-hora"],"_links":{"self":[{"href":"https:\/\/diarioregionaldigital.com.br\/index.php?rest_route=\/wp\/v2\/posts\/129689","targetHints":{"allow":["GET"]}}],"collection":[{"href":"https:\/\/diarioregionaldigital.com.br\/index.php?rest_route=\/wp\/v2\/posts"}],"about":[{"href":"https:\/\/diarioregionaldigital.com.br\/index.php?rest_route=\/wp\/v2\/types\/post"}],"author":[{"embeddable":true,"href":"https:\/\/diarioregionaldigital.com.br\/index.php?rest_route=\/wp\/v2\/users\/96"}],"replies":[{"embeddable":true,"href":"https:\/\/diarioregionaldigital.com.br\/index.php?rest_route=%2Fwp%2Fv2%2Fcomments&post=129689"}],"version-history":[{"count":0,"href":"https:\/\/diarioregionaldigital.com.br\/index.php?rest_route=\/wp\/v2\/posts\/129689\/revisions"}],"wp:featuredmedia":[{"embeddable":true,"href":"https:\/\/diarioregionaldigital.com.br\/index.php?rest_route=\/wp\/v2\/media\/97787"}],"wp:attachment":[{"href":"https:\/\/diarioregionaldigital.com.br\/index.php?rest_route=%2Fwp%2Fv2%2Fmedia&parent=129689"}],"wp:term":[{"taxonomy":"category","embeddable":true,"href":"https:\/\/diarioregionaldigital.com.br\/index.php?rest_route=%2Fwp%2Fv2%2Fcategories&post=129689"},{"taxonomy":"post_tag","embeddable":true,"href":"https:\/\/diarioregionaldigital.com.br\/index.php?rest_route=%2Fwp%2Fv2%2Ftags&post=129689"}],"curies":[{"name":"wp","href":"https:\/\/api.w.org\/{rel}","templated":true}]}}