{"id":129687,"date":"2019-01-02T11:51:30","date_gmt":"2019-01-02T13:51:30","guid":{"rendered":"https:\/\/diarioregionaldigital.com.br\/?p=129687"},"modified":"2019-01-02T11:51:30","modified_gmt":"2019-01-02T13:51:30","slug":"mestrado-academico-em-ambiente-construido-divulga-edital-de-selecao","status":"publish","type":"post","link":"https:\/\/diarioregionaldigital.com.br\/?p=129687","title":{"rendered":"Mestrado Acad\u00eamico em Ambiente Constru\u00eddo divulga edital de sele\u00e7\u00e3o"},"content":{"rendered":"<p>O mestrado acad\u00eamico em Ambiente Constru\u00eddo da Faculdade de Engenharia da Universidade Federal de Juiz de Fora (UFJF) abre inscri\u00e7\u00f5es para processo seletivo a partir do pr\u00f3ximo dia 7. De acordo com o <a href=\"http:\/\/www.ufjf.br\/ambienteconstruido\/files\/2017\/10\/Edital-PROAC-2019.pdf\">edital<\/a>, os interessados podem se inscrever at\u00e9 o dia 31 de janeiro, diretamente na coordena\u00e7\u00e3o do Programa de P\u00f3s-Gradua\u00e7\u00e3o em Ambiente Constru\u00eddo da Faculdade de Engenharia, 5\u00aa plataforma do Campus Universit\u00e1rio da UFJF, sala 4.152, no hor\u00e1rio das 13h \u00e0s 18h, de segunda a sexta-feira, exceto feriados. \u00c9 necess\u00e1rio preencher um <a href=\"http:\/\/www.ufjf.br\/ambienteconstruido\/files\/2017\/10\/Formul%C3%A1rio-de-Inscri%C3%A7%C3%A3o1.pdf\" target=\"_blank\" rel=\"noopener\">formul\u00e1rio de inscri\u00e7\u00e3o<\/a>.<\/p>\n<p>O Programa de P\u00f3s-gradua\u00e7\u00e3o em Ambiente Constru\u00eddo (Proac) apresenta tr\u00eas linhas de pesquisa: Projeto do Ambiente Constru\u00eddo, com 8 vagas; T\u00e9cnicas do Ambiente Constru\u00eddo, tamb\u00e9m com 8 vagas; e Gest\u00e3o do Ambiente Constru\u00eddo, com 6 vagas.<\/p>\n<p>O processo seletivo consta de duas etapas. A primeira \u00e9 a prova de t\u00edtulos de car\u00e1ter classificat\u00f3rio com resultado previsto para o dia 7 de fevereiro. A segunda etapa \u00e9 a entrevista escrita, realizada no dia 12 de fevereiro.<\/p>\n<p>Para os candidatos aprovados, a matr\u00edcula \u00a0dever\u00e1 ser feita no dia 28 de fevereiro, na secretaria do Proac.<\/p>\n<p><em>Fonte: UFJF<\/em><\/p>\n","protected":false},"excerpt":{"rendered":"<p>O mestrado acad\u00eamico em Ambiente Constru\u00eddo da Faculdade de Engenharia da Universidade Federal de Juiz de Fora (UFJF) abre inscri\u00e7\u00f5es para processo seletivo a partir do pr\u00f3ximo dia 7. De acordo com o edital, os interessados podem se inscrever at\u00e9 o dia 31 de janeiro, diretamente na coordena\u00e7\u00e3o do Programa de P\u00f3s-Gradua\u00e7\u00e3o em Ambiente Constru\u00eddo [&hellip;]<\/p>\n","protected":false},"author":96,"featured_media":0,"comment_status":"closed","ping_status":"closed","sticky":false,"template":"","format":"standard","meta":{"footnotes":""},"categories":[253,439],"tags":[],"class_list":["post-129687","post","type-post","status-publish","format-standard","hentry","category-cidade","category-ultima-hora"],"_links":{"self":[{"href":"https:\/\/diarioregionaldigital.com.br\/index.php?rest_route=\/wp\/v2\/posts\/129687","targetHints":{"allow":["GET"]}}],"collection":[{"href":"https:\/\/diarioregionaldigital.com.br\/index.php?rest_route=\/wp\/v2\/posts"}],"about":[{"href":"https:\/\/diarioregionaldigital.com.br\/index.php?rest_route=\/wp\/v2\/types\/post"}],"author":[{"embeddable":true,"href":"https:\/\/diarioregionaldigital.com.br\/index.php?rest_route=\/wp\/v2\/users\/96"}],"replies":[{"embeddable":true,"href":"https:\/\/diarioregionaldigital.com.br\/index.php?rest_route=%2Fwp%2Fv2%2Fcomments&post=129687"}],"version-history":[{"count":0,"href":"https:\/\/diarioregionaldigital.com.br\/index.php?rest_route=\/wp\/v2\/posts\/129687\/revisions"}],"wp:attachment":[{"href":"https:\/\/diarioregionaldigital.com.br\/index.php?rest_route=%2Fwp%2Fv2%2Fmedia&parent=129687"}],"wp:term":[{"taxonomy":"category","embeddable":true,"href":"https:\/\/diarioregionaldigital.com.br\/index.php?rest_route=%2Fwp%2Fv2%2Fcategories&post=129687"},{"taxonomy":"post_tag","embeddable":true,"href":"https:\/\/diarioregionaldigital.com.br\/index.php?rest_route=%2Fwp%2Fv2%2Ftags&post=129687"}],"curies":[{"name":"wp","href":"https:\/\/api.w.org\/{rel}","templated":true}]}}