{"id":129685,"date":"2019-01-02T11:48:06","date_gmt":"2019-01-02T13:48:06","guid":{"rendered":"https:\/\/diarioregionaldigital.com.br\/?p=129685"},"modified":"2019-01-02T11:48:06","modified_gmt":"2019-01-02T13:48:06","slug":"brasileiro-quer-juntar-dinheiro-para-pagar-dividas-diz-pesquisa","status":"publish","type":"post","link":"https:\/\/diarioregionaldigital.com.br\/?p=129685","title":{"rendered":"Brasileiro quer juntar dinheiro para pagar d\u00edvidas, diz pesquisa"},"content":{"rendered":"<p>Pesquisa divulgada <span id=\"OBJ_PREFIX_DWT397_com_zimbra_date\" role=\"link\"><span id=\"OBJ_PREFIX_DWT400_com_zimbra_date\" role=\"link\">nesta quarta-feira, <\/span><\/span>2, pela Confedera\u00e7\u00e3o Nacional de Dirigentes Lojistas (CNDL) e pelo Servi\u00e7o de Prote\u00e7\u00e3o ao Cr\u00e9dito (SPC Brasil) revela que as principais metas financeiras do brasileiro\u00a0para 2019 s\u00e3o juntar dinheiro para pagar d\u00edvidas.<\/p>\n<p>Segundo a pesquisa, 51% do total dos entrevistados pretende juntar dinheiro em 2019 e 37% e &#8220;sair do vermelho&#8221;. Sete em cada dez entrevistados (72%) dizem estar otimistas com a economia neste ano e que a vida financeira ser\u00e1 melhor, enquanto 8% do total revela pessimismo, dizendo que a economia vai piorar.<\/p>\n<p>\u201c\u00c0 medida em que o novo governo anuncia seus projetos para o pa\u00eds, aumenta o clima de otimismo com a retomada da economia, que deve come\u00e7ar a ser percebido a partir do segundo semestre\u201d, disse Jos\u00e9 C\u00e9sar da Costa, presidente da CNDL.<\/p>\n<p>Entre os otimistas, as perspectivas para este ano s\u00e3o manter os pagamentos das contas em dia (69%), fazer reserva financeira (59%) e realizar algum sonho de consumo (57%).<\/p>\n<p>Foram entrevistadas 702 pessoas, entre\u00a0os dias <span id=\"OBJ_PREFIX_DWT398_com_zimbra_date\" role=\"link\"><span id=\"OBJ_PREFIX_DWT401_com_zimbra_date\" role=\"link\">27 de novembro<\/span><\/span>\u00a0e\u00a0<span id=\"OBJ_PREFIX_DWT399_com_zimbra_date\" role=\"link\"><span id=\"OBJ_PREFIX_DWT402_com_zimbra_date\" role=\"link\">10 de dezembro<\/span><\/span>\u00a0de 2018, de ambos os sexos e acima de 18 anos, de todas as classes sociais, em todas as regi\u00f5es brasileiras.<\/p>\n<h2>Crise<\/h2>\n<p>Seis em cada dez entrevistados (58%) acreditam que os efeitos da crise ter\u00e3o impacto ainda neste ano. Para evitar o impacto dela no cotidiano, os entrevistados dizem que pretendem organizar ou controlar mais as contas da casa (51%), pesquisar mais os pre\u00e7os (50%), aumentar a renda com trabalho extra e bicos (44%) e evitar o uso do cart\u00e3o de cr\u00e9dito (44%).<\/p>\n<p><strong>Temores<\/strong><\/p>\n<p>Entre os principais temores para este novo ano foram citados: n\u00e3o conseguir pagar as contas (61%), n\u00e3o guardar dinheiro (45%), abrir m\u00e3o de determinados confortos no dia a dia (34%), n\u00e3o obter um emprego (28%) e perder o emprego (20%).<\/p>\n<p>\u201cApesar de os brasileiros continuarem sentindo os efeitos da crise, a possibilidade de crescimento da economia imp\u00f5e novos desafios para o sucesso de projetos pessoais, que passar\u00e1 pela capacidade do consumidor de controlar o or\u00e7amento, planejar e poupar\u201d, disse Roque Pellizzaro Junior, presidente do SPC Brasil.<\/p>\n<p><em>Fonte: Ag\u00eancia Brasil<\/em><\/p>\n","protected":false},"excerpt":{"rendered":"<p>Pesquisa divulgada nesta quarta-feira, 2, pela Confedera\u00e7\u00e3o Nacional de Dirigentes Lojistas (CNDL) e pelo Servi\u00e7o de Prote\u00e7\u00e3o ao Cr\u00e9dito (SPC Brasil) revela que as principais metas financeiras do brasileiro\u00a0para 2019 s\u00e3o juntar dinheiro para pagar d\u00edvidas. Segundo a pesquisa, 51% do total dos entrevistados pretende juntar dinheiro em 2019 e 37% e &#8220;sair do vermelho&#8221;. [&hellip;]<\/p>\n","protected":false},"author":96,"featured_media":129440,"comment_status":"closed","ping_status":"closed","sticky":false,"template":"","format":"standard","meta":{"footnotes":""},"categories":[261,439],"tags":[],"class_list":["post-129685","post","type-post","status-publish","format-standard","has-post-thumbnail","hentry","category-economia","category-ultima-hora"],"_links":{"self":[{"href":"https:\/\/diarioregionaldigital.com.br\/index.php?rest_route=\/wp\/v2\/posts\/129685","targetHints":{"allow":["GET"]}}],"collection":[{"href":"https:\/\/diarioregionaldigital.com.br\/index.php?rest_route=\/wp\/v2\/posts"}],"about":[{"href":"https:\/\/diarioregionaldigital.com.br\/index.php?rest_route=\/wp\/v2\/types\/post"}],"author":[{"embeddable":true,"href":"https:\/\/diarioregionaldigital.com.br\/index.php?rest_route=\/wp\/v2\/users\/96"}],"replies":[{"embeddable":true,"href":"https:\/\/diarioregionaldigital.com.br\/index.php?rest_route=%2Fwp%2Fv2%2Fcomments&post=129685"}],"version-history":[{"count":0,"href":"https:\/\/diarioregionaldigital.com.br\/index.php?rest_route=\/wp\/v2\/posts\/129685\/revisions"}],"wp:featuredmedia":[{"embeddable":true,"href":"https:\/\/diarioregionaldigital.com.br\/index.php?rest_route=\/wp\/v2\/media\/129440"}],"wp:attachment":[{"href":"https:\/\/diarioregionaldigital.com.br\/index.php?rest_route=%2Fwp%2Fv2%2Fmedia&parent=129685"}],"wp:term":[{"taxonomy":"category","embeddable":true,"href":"https:\/\/diarioregionaldigital.com.br\/index.php?rest_route=%2Fwp%2Fv2%2Fcategories&post=129685"},{"taxonomy":"post_tag","embeddable":true,"href":"https:\/\/diarioregionaldigital.com.br\/index.php?rest_route=%2Fwp%2Fv2%2Ftags&post=129685"}],"curies":[{"name":"wp","href":"https:\/\/api.w.org\/{rel}","templated":true}]}}