{"id":129683,"date":"2019-01-02T11:44:12","date_gmt":"2019-01-02T13:44:12","guid":{"rendered":"https:\/\/diarioregionaldigital.com.br\/?p=129683"},"modified":"2019-01-02T11:44:12","modified_gmt":"2019-01-02T13:44:12","slug":"27-familias-estao-desalojadas-em-juiz-de-fora-apos-chuva","status":"publish","type":"post","link":"https:\/\/diarioregionaldigital.com.br\/?p=129683","title":{"rendered":"27 fam\u00edlias est\u00e3o desalojadas em Juiz de Fora ap\u00f3s chuva"},"content":{"rendered":"<p>A Prefeitura de Juiz de Fora (PJF)\u00a0continua atuando nos locais atingidos pelas fortes chuvas do fim do ano. A Secretaria de Obras (SO) est\u00e1 realizando o conserto de eros\u00f5es na Avenida Presidente Itamar Franco, altura do Dom Bosco, na Rua Padre Caf\u00e9, no S\u00e3o Mateus, na Rua Monsenhor Francisco Jos\u00e9 de Paula, no S\u00e3o Judas Tadeu e tem previs\u00e3o de atender, ainda hoje, a Rua Paula Lima, no Centro. Al\u00e9m disso, est\u00e1 vistoriando a rede da Rua Nossa Senhora Aparecida,\u00a0Bairro hom\u00f4nimo, para identificar o ponto que ocasionou o problema para fazer a substitui\u00e7\u00e3o das manilhas. Como a rede \u00e9 muito profunda, o trabalho \u00e9 complexo e demanda mais tempo, se prolongando pelos pr\u00f3ximos dias. A\u00a0Companhia de Saneamento Municipal (Cesama)\u00a0tamb\u00e9m concentra suas atividades de rescaldo das chuvas no conserto de eros\u00f5es em v\u00e1rios pontos da cidade.<\/p>\n<p>O Departamento de Limpeza Urbana (Demlurb) come\u00e7ou a limpeza do c\u00f3rrego do\u00a0Bairro Carlos Chagas, al\u00e9m de estar fazendo a retirada de lama da Avenida Santa C\u00e2ndida, no mesmo bairro. As equipes atuam, tamb\u00e9m, na lava\u00e7\u00e3o no\u00a0Bairro Democrata, e na retirada de lama nas ruas Diva Garcia, It\u00e1lia e Lamartine Ferreira Leite, no Linhares.<\/p>\n<p>Entre \u00e0s 17h do dia 28 de dezembro, \u00e0s 10h desta quarta, 02, a Defesa Civil recebeu 77 chamados, sendo 39 na regi\u00e3o Leste e 18 na Norte. Destes, 33 s\u00e3o devido \u00e0 escorregamento de talude. O caso considerado mais grave \u00e9 o da Rua Geraldo Paleta, no bairro Santa Rita. A Secretaria de Obras (SO), durante o feriado, fez uma prote\u00e7\u00e3o de sacaria no local, para que a \u00e1gua n\u00e3o infiltre na rachadura que se abriu pr\u00f3ximo ao barranco. A Empav colocar\u00e1\u00a0massa asf\u00e1ltica nessa rachadura. Tr\u00eas fam\u00edlias foram para casa de parentes.<\/p>\n<p>Desde o dia 24, s\u00e3o 27 fam\u00edlias desalojadas em Juiz de Fora. Todas est\u00e3o assistidas pela Defesa Civil, j\u00e1 receberam visita das assistentes sociais e est\u00e3o recebendo as doa\u00e7\u00f5es necess\u00e1rias. Nesta quarta,\u00a0as entregas de materiais doados\u00a0continuam nos locais atingidos, sobretudo de cestas b\u00e1sicas e colch\u00f5es.<\/p>\n<p>Nos \u00faltimos quatro dias, a cidade registrou m\u00e9dia de 38,17 mm de chuva, sendo 78,59 mm no Monte Castelo, 71,96 mm na Cidade Universit\u00e1ria e 55,5 mm no Aeroporto.<\/p>\n<p><i>* Informa\u00e7\u00f5es da Assessoria de\u00a0Comunica\u00e7\u00e3o da Defesa Civil<br \/>\n<\/i><\/p>\n","protected":false},"excerpt":{"rendered":"<p>A Prefeitura de Juiz de Fora (PJF)\u00a0continua atuando nos locais atingidos pelas fortes chuvas do fim do ano. A Secretaria de Obras (SO) est\u00e1 realizando o conserto de eros\u00f5es na Avenida Presidente Itamar Franco, altura do Dom Bosco, na Rua Padre Caf\u00e9, no S\u00e3o Mateus, na Rua Monsenhor Francisco Jos\u00e9 de Paula, no S\u00e3o Judas [&hellip;]<\/p>\n","protected":false},"author":96,"featured_media":0,"comment_status":"closed","ping_status":"closed","sticky":false,"template":"","format":"standard","meta":{"footnotes":""},"categories":[253,439],"tags":[],"class_list":["post-129683","post","type-post","status-publish","format-standard","hentry","category-cidade","category-ultima-hora"],"_links":{"self":[{"href":"https:\/\/diarioregionaldigital.com.br\/index.php?rest_route=\/wp\/v2\/posts\/129683","targetHints":{"allow":["GET"]}}],"collection":[{"href":"https:\/\/diarioregionaldigital.com.br\/index.php?rest_route=\/wp\/v2\/posts"}],"about":[{"href":"https:\/\/diarioregionaldigital.com.br\/index.php?rest_route=\/wp\/v2\/types\/post"}],"author":[{"embeddable":true,"href":"https:\/\/diarioregionaldigital.com.br\/index.php?rest_route=\/wp\/v2\/users\/96"}],"replies":[{"embeddable":true,"href":"https:\/\/diarioregionaldigital.com.br\/index.php?rest_route=%2Fwp%2Fv2%2Fcomments&post=129683"}],"version-history":[{"count":0,"href":"https:\/\/diarioregionaldigital.com.br\/index.php?rest_route=\/wp\/v2\/posts\/129683\/revisions"}],"wp:attachment":[{"href":"https:\/\/diarioregionaldigital.com.br\/index.php?rest_route=%2Fwp%2Fv2%2Fmedia&parent=129683"}],"wp:term":[{"taxonomy":"category","embeddable":true,"href":"https:\/\/diarioregionaldigital.com.br\/index.php?rest_route=%2Fwp%2Fv2%2Fcategories&post=129683"},{"taxonomy":"post_tag","embeddable":true,"href":"https:\/\/diarioregionaldigital.com.br\/index.php?rest_route=%2Fwp%2Fv2%2Ftags&post=129683"}],"curies":[{"name":"wp","href":"https:\/\/api.w.org\/{rel}","templated":true}]}}