{"id":129678,"date":"2019-01-02T11:06:32","date_gmt":"2019-01-02T13:06:32","guid":{"rendered":"https:\/\/diarioregionaldigital.com.br\/?p=129678"},"modified":"2019-01-02T11:06:32","modified_gmt":"2019-01-02T13:06:32","slug":"jovem-e-assassinado-a-facadas-em-distrito-de-muriae","status":"publish","type":"post","link":"https:\/\/diarioregionaldigital.com.br\/?p=129678","title":{"rendered":"Jovem \u00e9 assassinado a facadas em distrito de Muria\u00e9"},"content":{"rendered":"<p>Um homem de 19 anos morreu ap\u00f3s ser esfaqueado, na zona rural do distrito de Itamuri, em Muria\u00e9. O corpo foi encontrado no in\u00edcio da manh\u00e3 dessa ter\u00e7a-feira, 1, em um pasto, a aproximadamente dois quil\u00f4metros da \u00e1rea urbana do distrito, e segundo a Pol\u00edcia Militar (PM), o crime aconteceu durante a madrugada.<\/p>\n<p>A v\u00edtima residia em Itamuri, e foi ferida com pelo menos uma facada nas costas. Ainda segundo a PM, um suspeito pelo crime foi identificado, por\u00e9m ainda n\u00e3o foi localizado.<\/p>\n<p>Junto ao corpo da v\u00edtima estava um capacete, e sua motocicleta foi encontrada em uma propriedade distante cerca de um quil\u00f4metro do local onde o jovem foi achado morto.<\/p>\n<p>Ap\u00f3s o trabalho da per\u00edcia da Pol\u00edcia Civil (PC), o corpo foi levado por uma ag\u00eancia funer\u00e1ria ao Instituto M\u00e9dico Legal (IML) de Muria\u00e9, onde passar\u00e1 por exames.<\/p>\n<p>Militares seguem em rastreamento, \u00e0 procura do suposto autor do homic\u00eddio, e ainda n\u00e3o h\u00e1 informa\u00e7\u00f5es oficiais sobre a motiva\u00e7\u00e3o do crime, que ser\u00e1 investigado pela Pol\u00edcia Civil.<\/p>\n<p><em>Fonte: M\u00eddia Mineira<\/em><\/p>\n","protected":false},"excerpt":{"rendered":"<p>Um homem de 19 anos morreu ap\u00f3s ser esfaqueado, na zona rural do distrito de Itamuri, em Muria\u00e9. O corpo foi encontrado no in\u00edcio da manh\u00e3 dessa ter\u00e7a-feira, 1, em um pasto, a aproximadamente dois quil\u00f4metros da \u00e1rea urbana do distrito, e segundo a Pol\u00edcia Militar (PM), o crime aconteceu durante a madrugada. A v\u00edtima [&hellip;]<\/p>\n","protected":false},"author":96,"featured_media":95105,"comment_status":"closed","ping_status":"closed","sticky":false,"template":"","format":"standard","meta":{"footnotes":""},"categories":[252,439],"tags":[],"class_list":["post-129678","post","type-post","status-publish","format-standard","has-post-thumbnail","hentry","category-regiao","category-ultima-hora"],"_links":{"self":[{"href":"https:\/\/diarioregionaldigital.com.br\/index.php?rest_route=\/wp\/v2\/posts\/129678","targetHints":{"allow":["GET"]}}],"collection":[{"href":"https:\/\/diarioregionaldigital.com.br\/index.php?rest_route=\/wp\/v2\/posts"}],"about":[{"href":"https:\/\/diarioregionaldigital.com.br\/index.php?rest_route=\/wp\/v2\/types\/post"}],"author":[{"embeddable":true,"href":"https:\/\/diarioregionaldigital.com.br\/index.php?rest_route=\/wp\/v2\/users\/96"}],"replies":[{"embeddable":true,"href":"https:\/\/diarioregionaldigital.com.br\/index.php?rest_route=%2Fwp%2Fv2%2Fcomments&post=129678"}],"version-history":[{"count":0,"href":"https:\/\/diarioregionaldigital.com.br\/index.php?rest_route=\/wp\/v2\/posts\/129678\/revisions"}],"wp:featuredmedia":[{"embeddable":true,"href":"https:\/\/diarioregionaldigital.com.br\/index.php?rest_route=\/wp\/v2\/media\/95105"}],"wp:attachment":[{"href":"https:\/\/diarioregionaldigital.com.br\/index.php?rest_route=%2Fwp%2Fv2%2Fmedia&parent=129678"}],"wp:term":[{"taxonomy":"category","embeddable":true,"href":"https:\/\/diarioregionaldigital.com.br\/index.php?rest_route=%2Fwp%2Fv2%2Fcategories&post=129678"},{"taxonomy":"post_tag","embeddable":true,"href":"https:\/\/diarioregionaldigital.com.br\/index.php?rest_route=%2Fwp%2Fv2%2Ftags&post=129678"}],"curies":[{"name":"wp","href":"https:\/\/api.w.org\/{rel}","templated":true}]}}