{"id":129675,"date":"2019-01-02T07:59:49","date_gmt":"2019-01-02T09:59:49","guid":{"rendered":"https:\/\/diarioregionaldigital.com.br\/?p=129675"},"modified":"2019-01-02T10:58:21","modified_gmt":"2019-01-02T12:58:21","slug":"proximos-dias-serao-de-altas-temperaturas-e-chuvas-de-verao","status":"publish","type":"post","link":"https:\/\/diarioregionaldigital.com.br\/?p=129675","title":{"rendered":"Pr\u00f3ximos dias ser\u00e3o de altas temperaturas e chuvas de ver\u00e3o"},"content":{"rendered":"<p>O p\u00f3s feriado ser\u00e1 de altas temperaturas e pancadas de chuvas em Juiz de Fora. De acordo com dados do Instituto Nacional de Meteorologia (Inmet), a previs\u00e3o para esta quarta-feira, 02, \u00e9 de c\u00e9u claro com possibilidade de chuva isolada com trovoadas no fim da tarde e \u00e0 noite. Os term\u00f4metros devem chegar a 33 graus.<\/p>\n<p>Na quinta-feira, 03, o c\u00e9u pode amanhecer com mais nuvens e as temperaturas devem oscilar entre 21 e 28 graus. H\u00e1 possibilidade, segundo o Inmet, de uma chuva leve durante \u00e0 tarde.<\/p>\n<p>Entre sexta e domingo, as chuvas devem permanecer por mais tempo, deixando os dias encobertos. As temperaturas permanecem altas, com exce\u00e7\u00e3o do domingo, 6, onde haver\u00e1 uma ligeira queda, podendo a m\u00e1xima chegar a 26 graus.<\/p>\n","protected":false},"excerpt":{"rendered":"<p>O p\u00f3s feriado ser\u00e1 de altas temperaturas e pancadas de chuvas em Juiz de Fora. De acordo com dados do Instituto Nacional de Meteorologia (Inmet), a previs\u00e3o para esta quarta-feira, 02, \u00e9 de c\u00e9u claro com possibilidade de chuva isolada com trovoadas no fim da tarde e \u00e0 noite. Os term\u00f4metros devem chegar a 33 [&hellip;]<\/p>\n","protected":false},"author":96,"featured_media":115259,"comment_status":"closed","ping_status":"closed","sticky":false,"template":"","format":"standard","meta":{"footnotes":""},"categories":[253,440,439],"tags":[],"class_list":["post-129675","post","type-post","status-publish","format-standard","has-post-thumbnail","hentry","category-cidade","category-destaques-do-dia","category-ultima-hora"],"_links":{"self":[{"href":"https:\/\/diarioregionaldigital.com.br\/index.php?rest_route=\/wp\/v2\/posts\/129675","targetHints":{"allow":["GET"]}}],"collection":[{"href":"https:\/\/diarioregionaldigital.com.br\/index.php?rest_route=\/wp\/v2\/posts"}],"about":[{"href":"https:\/\/diarioregionaldigital.com.br\/index.php?rest_route=\/wp\/v2\/types\/post"}],"author":[{"embeddable":true,"href":"https:\/\/diarioregionaldigital.com.br\/index.php?rest_route=\/wp\/v2\/users\/96"}],"replies":[{"embeddable":true,"href":"https:\/\/diarioregionaldigital.com.br\/index.php?rest_route=%2Fwp%2Fv2%2Fcomments&post=129675"}],"version-history":[{"count":0,"href":"https:\/\/diarioregionaldigital.com.br\/index.php?rest_route=\/wp\/v2\/posts\/129675\/revisions"}],"wp:featuredmedia":[{"embeddable":true,"href":"https:\/\/diarioregionaldigital.com.br\/index.php?rest_route=\/wp\/v2\/media\/115259"}],"wp:attachment":[{"href":"https:\/\/diarioregionaldigital.com.br\/index.php?rest_route=%2Fwp%2Fv2%2Fmedia&parent=129675"}],"wp:term":[{"taxonomy":"category","embeddable":true,"href":"https:\/\/diarioregionaldigital.com.br\/index.php?rest_route=%2Fwp%2Fv2%2Fcategories&post=129675"},{"taxonomy":"post_tag","embeddable":true,"href":"https:\/\/diarioregionaldigital.com.br\/index.php?rest_route=%2Fwp%2Fv2%2Ftags&post=129675"}],"curies":[{"name":"wp","href":"https:\/\/api.w.org\/{rel}","templated":true}]}}