{"id":129673,"date":"2019-01-02T10:35:33","date_gmt":"2019-01-02T12:35:33","guid":{"rendered":"https:\/\/diarioregionaldigital.com.br\/?p=129673"},"modified":"2019-01-02T11:35:37","modified_gmt":"2019-01-02T13:35:37","slug":"eixo-de-onibus-do-transporte-publico-escapa-e-atinge-residencia-e-poste-em-juiz-de-fora","status":"publish","type":"post","link":"https:\/\/diarioregionaldigital.com.br\/?p=129673","title":{"rendered":"Eixo de \u00f4nibus do transporte p\u00fablico escapa e atinge resid\u00eancia e poste em Juiz de Fora"},"content":{"rendered":"<div class=\"mc-column content-text active-extra-styles active-capital-letter\" data-block-type=\"unstyled\" data-block-weight=\"33\" data-block-id=\"2\">\n<p class=\"content-text__container theme-color-primary-first-letter\" data-track-category=\"Link no Texto\" data-track-links=\"\">O eixo traseiro de um \u00f4nibus do transporte coletivo urbano de Juiz de Fora escapou do ve\u00edculo e atingiu uma resid\u00eancia e um poste na rua Jo\u00e3o Krolman Sobrinho, no bairro Portal da Torre, zona Oeste da cidade, na manh\u00e3 desta quarta-feira, 2. Ningu\u00e9m ficou ferido.<\/p>\n<p data-track-category=\"Link no Texto\" data-track-links=\"\">Segundo informa\u00e7\u00f5es, o \u00f4nibus estava a caminho da garagem. Neste momento, a rua est\u00e1 interditada.<\/p>\n<p data-track-category=\"Link no Texto\" data-track-links=\"\">\n<\/div>\n","protected":false},"excerpt":{"rendered":"<p>O eixo traseiro de um \u00f4nibus do transporte coletivo urbano de Juiz de Fora escapou do ve\u00edculo e atingiu uma resid\u00eancia e um poste na rua Jo\u00e3o Krolman Sobrinho, no bairro Portal da Torre, zona Oeste da cidade, na manh\u00e3 desta quarta-feira, 2. Ningu\u00e9m ficou ferido. Segundo informa\u00e7\u00f5es, o \u00f4nibus estava a caminho da garagem. [&hellip;]<\/p>\n","protected":false},"author":96,"featured_media":112697,"comment_status":"closed","ping_status":"closed","sticky":false,"template":"","format":"standard","meta":{"footnotes":""},"categories":[253,439],"tags":[],"class_list":["post-129673","post","type-post","status-publish","format-standard","has-post-thumbnail","hentry","category-cidade","category-ultima-hora"],"_links":{"self":[{"href":"https:\/\/diarioregionaldigital.com.br\/index.php?rest_route=\/wp\/v2\/posts\/129673","targetHints":{"allow":["GET"]}}],"collection":[{"href":"https:\/\/diarioregionaldigital.com.br\/index.php?rest_route=\/wp\/v2\/posts"}],"about":[{"href":"https:\/\/diarioregionaldigital.com.br\/index.php?rest_route=\/wp\/v2\/types\/post"}],"author":[{"embeddable":true,"href":"https:\/\/diarioregionaldigital.com.br\/index.php?rest_route=\/wp\/v2\/users\/96"}],"replies":[{"embeddable":true,"href":"https:\/\/diarioregionaldigital.com.br\/index.php?rest_route=%2Fwp%2Fv2%2Fcomments&post=129673"}],"version-history":[{"count":0,"href":"https:\/\/diarioregionaldigital.com.br\/index.php?rest_route=\/wp\/v2\/posts\/129673\/revisions"}],"wp:featuredmedia":[{"embeddable":true,"href":"https:\/\/diarioregionaldigital.com.br\/index.php?rest_route=\/wp\/v2\/media\/112697"}],"wp:attachment":[{"href":"https:\/\/diarioregionaldigital.com.br\/index.php?rest_route=%2Fwp%2Fv2%2Fmedia&parent=129673"}],"wp:term":[{"taxonomy":"category","embeddable":true,"href":"https:\/\/diarioregionaldigital.com.br\/index.php?rest_route=%2Fwp%2Fv2%2Fcategories&post=129673"},{"taxonomy":"post_tag","embeddable":true,"href":"https:\/\/diarioregionaldigital.com.br\/index.php?rest_route=%2Fwp%2Fv2%2Ftags&post=129673"}],"curies":[{"name":"wp","href":"https:\/\/api.w.org\/{rel}","templated":true}]}}