{"id":129665,"date":"2019-01-02T07:59:50","date_gmt":"2019-01-02T09:59:50","guid":{"rendered":"https:\/\/diarioregionaldigital.com.br\/?p=129665"},"modified":"2019-01-02T10:55:33","modified_gmt":"2019-01-02T12:55:33","slug":"romeu-zema-propoe-uniao-das-forcas-politicas-por-minas","status":"publish","type":"post","link":"https:\/\/diarioregionaldigital.com.br\/?p=129665","title":{"rendered":"Romeu Zema prop\u00f5e uni\u00e3o das for\u00e7as pol\u00edticas por Minas"},"content":{"rendered":"<p>Nessa ter\u00e7a-feira, 1, o novo governador de Minas Gerais, Romeu Zema (Novo) e o vice-governador, Paulo Brant (Novo), tomaram posse no Plen\u00e1rio da Assembleia Legislativa de Minas Gerais (ALMG). A reuni\u00e3o solene foi conduzida pelo deputado Adalclever Lopes (MDB).<\/p>\n<p>Em discurso, Romeu Zema falou sobre a escolha do eleitor foi por um novo modelo de exerc\u00edcio da pol\u00edtica. \u201cEssa \u00e9 a pol\u00edtica do bem. A pol\u00edtica que deve ser exaltada e levada adiante para enfrentarmos as dificuldades que a atual conjuntura apresenta\u201d, afirmou.<\/p>\n<h3>Contas P\u00fablicas<\/h3>\n<p>De acordo com Zema, a previs\u00e3o de deficit nas contas p\u00fablicas ultrapassa R$30 bilh\u00f5es em 2019 e, se nada for feito, passar\u00e1 de R$100 bilh\u00f5es nos pr\u00f3ximos anos. Por isso, segundo ele, ser\u00e1 preciso dialogar com transpar\u00eancia a fim de distinguir o importante do fundamental.<\/p>\n<p>O novo governador deixou claro que reformas administrativas e fiscais ser\u00e3o levadas adiante para garantir, por exemplo, o pagamento dos servidores at\u00e9 o quinto dia \u00fatil e a volta dos repasses de verbas \u00e0s prefeituras, al\u00e9m dos investimentos.<\/p>\n","protected":false},"excerpt":{"rendered":"<p>Nessa ter\u00e7a-feira, 1, o novo governador de Minas Gerais, Romeu Zema (Novo) e o vice-governador, Paulo Brant (Novo), tomaram posse no Plen\u00e1rio da Assembleia Legislativa de Minas Gerais (ALMG). A reuni\u00e3o solene foi conduzida pelo deputado Adalclever Lopes (MDB). Em discurso, Romeu Zema falou sobre a escolha do eleitor foi por um novo modelo de [&hellip;]<\/p>\n","protected":false},"author":96,"featured_media":0,"comment_status":"closed","ping_status":"closed","sticky":false,"template":"","format":"standard","meta":{"footnotes":""},"categories":[436,252,439],"tags":[],"class_list":["post-129665","post","type-post","status-publish","format-standard","hentry","category-destaque-da-semana","category-regiao","category-ultima-hora"],"_links":{"self":[{"href":"https:\/\/diarioregionaldigital.com.br\/index.php?rest_route=\/wp\/v2\/posts\/129665","targetHints":{"allow":["GET"]}}],"collection":[{"href":"https:\/\/diarioregionaldigital.com.br\/index.php?rest_route=\/wp\/v2\/posts"}],"about":[{"href":"https:\/\/diarioregionaldigital.com.br\/index.php?rest_route=\/wp\/v2\/types\/post"}],"author":[{"embeddable":true,"href":"https:\/\/diarioregionaldigital.com.br\/index.php?rest_route=\/wp\/v2\/users\/96"}],"replies":[{"embeddable":true,"href":"https:\/\/diarioregionaldigital.com.br\/index.php?rest_route=%2Fwp%2Fv2%2Fcomments&post=129665"}],"version-history":[{"count":0,"href":"https:\/\/diarioregionaldigital.com.br\/index.php?rest_route=\/wp\/v2\/posts\/129665\/revisions"}],"wp:attachment":[{"href":"https:\/\/diarioregionaldigital.com.br\/index.php?rest_route=%2Fwp%2Fv2%2Fmedia&parent=129665"}],"wp:term":[{"taxonomy":"category","embeddable":true,"href":"https:\/\/diarioregionaldigital.com.br\/index.php?rest_route=%2Fwp%2Fv2%2Fcategories&post=129665"},{"taxonomy":"post_tag","embeddable":true,"href":"https:\/\/diarioregionaldigital.com.br\/index.php?rest_route=%2Fwp%2Fv2%2Ftags&post=129665"}],"curies":[{"name":"wp","href":"https:\/\/api.w.org\/{rel}","templated":true}]}}