{"id":129663,"date":"2019-01-02T08:00:30","date_gmt":"2019-01-02T10:00:30","guid":{"rendered":"https:\/\/diarioregionaldigital.com.br\/?p=129663"},"modified":"2019-01-02T09:05:37","modified_gmt":"2019-01-02T11:05:37","slug":"decreto-que-fixa-salario-minimo-em-r998-em-2019-e-assinado","status":"publish","type":"post","link":"https:\/\/diarioregionaldigital.com.br\/?p=129663","title":{"rendered":"Decreto que fixa sal\u00e1rio m\u00ednimo em R$998 em 2019 \u00e9 assinado"},"content":{"rendered":"<p>O presidente Jair Bolsonaro assinou decreto em que estabelece que o sal\u00e1rio m\u00ednimo passar\u00e1 de R$954\u00a0para\u00a0R$998 este ano. O valor entrou em vigor nessa ter\u00e7a-feira, 1. Foi o primeiro decreto assinado por Bolsonaro, que tomou posse nesta ter\u00e7a-feira.<\/p>\n<p>O decreto foi publicado em edi\u00e7\u00e3o extra do <em>Di\u00e1rio Oficial da Uni\u00e3o<\/em>, assinado por Bolsonaro e o ministro da Economia, Paulo Guedes.<\/p>\n<p>O sal\u00e1rio m\u00ednimo \u00e9 usado como refer\u00eancia para os benef\u00edcios assistenciais e previdenci\u00e1rios. O m\u00ednimo \u00e9\u00a0corrigido pela infla\u00e7\u00e3o do ano anterior, medida pelo \u00cdndice Nacional de Pre\u00e7os ao Consumidor (INPC) mais a varia\u00e7\u00e3o do Produto Interno Bruto (PIB, soma dos bens e dos servi\u00e7os produzidos no pa\u00eds) dos dois anos anteriores.<\/p>\n<p>Jair Bolsonaro editou uma medida provis\u00f3ria que estabelece a organiza\u00e7\u00e3o b\u00e1sica dos \u00f3rg\u00e3os da Presid\u00eancia da Rep\u00fablica e dos minist\u00e9rios.\u00a0Em outro decreto, o governo altera a organiza\u00e7\u00e3o das entidades da administra\u00e7\u00e3o p\u00fablica federal indireta. Foram publicados tamb\u00e9m os decretos de nomea\u00e7\u00e3o dos novos ministros.<\/p>\n<p><em>Fonte: Ag\u00eancia Brasil<\/em><\/p>\n","protected":false},"excerpt":{"rendered":"<p>O presidente Jair Bolsonaro assinou decreto em que estabelece que o sal\u00e1rio m\u00ednimo passar\u00e1 de R$954\u00a0para\u00a0R$998 este ano. O valor entrou em vigor nessa ter\u00e7a-feira, 1. Foi o primeiro decreto assinado por Bolsonaro, que tomou posse nesta ter\u00e7a-feira. O decreto foi publicado em edi\u00e7\u00e3o extra do Di\u00e1rio Oficial da Uni\u00e3o, assinado por Bolsonaro e o [&hellip;]<\/p>\n","protected":false},"author":96,"featured_media":98444,"comment_status":"closed","ping_status":"closed","sticky":false,"template":"","format":"standard","meta":{"footnotes":""},"categories":[436,440,261,439],"tags":[],"class_list":["post-129663","post","type-post","status-publish","format-standard","has-post-thumbnail","hentry","category-destaque-da-semana","category-destaques-do-dia","category-economia","category-ultima-hora"],"_links":{"self":[{"href":"https:\/\/diarioregionaldigital.com.br\/index.php?rest_route=\/wp\/v2\/posts\/129663","targetHints":{"allow":["GET"]}}],"collection":[{"href":"https:\/\/diarioregionaldigital.com.br\/index.php?rest_route=\/wp\/v2\/posts"}],"about":[{"href":"https:\/\/diarioregionaldigital.com.br\/index.php?rest_route=\/wp\/v2\/types\/post"}],"author":[{"embeddable":true,"href":"https:\/\/diarioregionaldigital.com.br\/index.php?rest_route=\/wp\/v2\/users\/96"}],"replies":[{"embeddable":true,"href":"https:\/\/diarioregionaldigital.com.br\/index.php?rest_route=%2Fwp%2Fv2%2Fcomments&post=129663"}],"version-history":[{"count":0,"href":"https:\/\/diarioregionaldigital.com.br\/index.php?rest_route=\/wp\/v2\/posts\/129663\/revisions"}],"wp:featuredmedia":[{"embeddable":true,"href":"https:\/\/diarioregionaldigital.com.br\/index.php?rest_route=\/wp\/v2\/media\/98444"}],"wp:attachment":[{"href":"https:\/\/diarioregionaldigital.com.br\/index.php?rest_route=%2Fwp%2Fv2%2Fmedia&parent=129663"}],"wp:term":[{"taxonomy":"category","embeddable":true,"href":"https:\/\/diarioregionaldigital.com.br\/index.php?rest_route=%2Fwp%2Fv2%2Fcategories&post=129663"},{"taxonomy":"post_tag","embeddable":true,"href":"https:\/\/diarioregionaldigital.com.br\/index.php?rest_route=%2Fwp%2Fv2%2Ftags&post=129663"}],"curies":[{"name":"wp","href":"https:\/\/api.w.org\/{rel}","templated":true}]}}