{"id":129660,"date":"2019-01-02T08:50:12","date_gmt":"2019-01-02T10:50:12","guid":{"rendered":"https:\/\/diarioregionaldigital.com.br\/?p=129660"},"modified":"2019-01-02T09:00:45","modified_gmt":"2019-01-02T11:00:45","slug":"jair-bolsonaro-toma-posse-como-presidente-do-brasil","status":"publish","type":"post","link":"https:\/\/diarioregionaldigital.com.br\/?p=129660","title":{"rendered":"Jair Bolsonaro toma posse como presidente do Brasil"},"content":{"rendered":"<p>Nessa ter\u00e7a-feira, 1, primeiro dia do ano, o presidente eleito Jair Bolsonaro (PSL) e seu vice, Hamilton Mour\u00e3o, tomaram posse em Bras\u00edlia. A cerim\u00f4nia come\u00e7ou \u00e0s 14:45 com um desfile em carro oficial. Em sess\u00e3o solene, fez o juramento e \u00e0s 14h10 foi empossado.<\/p>\n<p>Em discurso, Bolsonaro falou em &#8220;manter, defender e cumprir a Constitui\u00e7\u00e3o, observar as leis, promover o bem geral do povo brasileiro e sustentar a Uni\u00e3o, a integridade e a independ\u00eancia do Brasil.&#8221;<\/p>\n<h2>Posse dos ministros<\/h2>\n<p>No Pal\u00e1cio do Planalto, Jair Bolsonaro deu posse aos 21 dos 22\u00a0ministros e tirou a foto oficial. A transmiss\u00e3o de cargos ocorrer\u00e1 nesta quarta-feira, 2.<\/p>\n<p>O presidente do Banco Central, Roberto Campos Neto, foi conduzido para o cargo, mas sua posse depende ainda de aprova\u00e7\u00e3o do Congresso Nacional.<\/p>\n<p>Seguindo o protocolo, o primeiro a receber posse foi o\u00a0ministro da Justi\u00e7a e Seguran\u00e7a P\u00fablica, Sergio Moro.<\/p>\n<p>A \u00faltima etapa da posse foi a recep\u00e7\u00e3o no Pal\u00e1cio do Itamaraty, quando Bolsonaro recebeu os cumprimentos dos convidados e autoridades estrangeiras.<\/p>\n","protected":false},"excerpt":{"rendered":"<p>Nessa ter\u00e7a-feira, 1, primeiro dia do ano, o presidente eleito Jair Bolsonaro (PSL) e seu vice, Hamilton Mour\u00e3o, tomaram posse em Bras\u00edlia. A cerim\u00f4nia come\u00e7ou \u00e0s 14:45 com um desfile em carro oficial. Em sess\u00e3o solene, fez o juramento e \u00e0s 14h10 foi empossado. Em discurso, Bolsonaro falou em &#8220;manter, defender e cumprir a Constitui\u00e7\u00e3o, [&hellip;]<\/p>\n","protected":false},"author":96,"featured_media":0,"comment_status":"closed","ping_status":"closed","sticky":false,"template":"","format":"standard","meta":{"footnotes":""},"categories":[436,440,254],"tags":[],"class_list":["post-129660","post","type-post","status-publish","format-standard","hentry","category-destaque-da-semana","category-destaques-do-dia","category-politica"],"_links":{"self":[{"href":"https:\/\/diarioregionaldigital.com.br\/index.php?rest_route=\/wp\/v2\/posts\/129660","targetHints":{"allow":["GET"]}}],"collection":[{"href":"https:\/\/diarioregionaldigital.com.br\/index.php?rest_route=\/wp\/v2\/posts"}],"about":[{"href":"https:\/\/diarioregionaldigital.com.br\/index.php?rest_route=\/wp\/v2\/types\/post"}],"author":[{"embeddable":true,"href":"https:\/\/diarioregionaldigital.com.br\/index.php?rest_route=\/wp\/v2\/users\/96"}],"replies":[{"embeddable":true,"href":"https:\/\/diarioregionaldigital.com.br\/index.php?rest_route=%2Fwp%2Fv2%2Fcomments&post=129660"}],"version-history":[{"count":0,"href":"https:\/\/diarioregionaldigital.com.br\/index.php?rest_route=\/wp\/v2\/posts\/129660\/revisions"}],"wp:attachment":[{"href":"https:\/\/diarioregionaldigital.com.br\/index.php?rest_route=%2Fwp%2Fv2%2Fmedia&parent=129660"}],"wp:term":[{"taxonomy":"category","embeddable":true,"href":"https:\/\/diarioregionaldigital.com.br\/index.php?rest_route=%2Fwp%2Fv2%2Fcategories&post=129660"},{"taxonomy":"post_tag","embeddable":true,"href":"https:\/\/diarioregionaldigital.com.br\/index.php?rest_route=%2Fwp%2Fv2%2Ftags&post=129660"}],"curies":[{"name":"wp","href":"https:\/\/api.w.org\/{rel}","templated":true}]}}