{"id":129658,"date":"2019-01-02T08:17:19","date_gmt":"2019-01-02T10:17:19","guid":{"rendered":"https:\/\/diarioregionaldigital.com.br\/?p=129658"},"modified":"2019-01-02T08:17:19","modified_gmt":"2019-01-02T10:17:19","slug":"assaltante-rouba-r250-em-posto-de-gasolina-no-bairro-grama","status":"publish","type":"post","link":"https:\/\/diarioregionaldigital.com.br\/?p=129658","title":{"rendered":"Assaltante rouba R$250 em posto de gasolina no bairro Grama"},"content":{"rendered":"<p>Um posto de gasolina na Avenida Juiz de Fora, no bairro Grama, zona Nordeste de Juiz de Fora, foi alvo de assalto nessa ter\u00e7a-feira, 01.<\/p>\n<p>Segundo o frentista do estabelecimento, 29 anos, um homem chegou em um carro por volta das 5h e solicitou um abastecimento de etanol no valor de R$10. No momento em que \u00a0o funcion\u00e1rio do local efetuava o troco, um indiv\u00edduo chegou com o rosto coberto por um len\u00e7o e armado com uma faca anunciou o assalto.<\/p>\n<p>O assaltante levou R$250 e fugiu no sentido ao bairro vizinho, Marumbi.<\/p>\n<p>A Pol\u00edcia Militar realizou rastreamento na \u00e1rea, mas o autor n\u00e3o foi localizado.<\/p>\n","protected":false},"excerpt":{"rendered":"<p>Um posto de gasolina na Avenida Juiz de Fora, no bairro Grama, zona Nordeste de Juiz de Fora, foi alvo de assalto nessa ter\u00e7a-feira, 01. Segundo o frentista do estabelecimento, 29 anos, um homem chegou em um carro por volta das 5h e solicitou um abastecimento de etanol no valor de R$10. No momento em [&hellip;]<\/p>\n","protected":false},"author":96,"featured_media":95836,"comment_status":"closed","ping_status":"closed","sticky":false,"template":"","format":"standard","meta":{"footnotes":""},"categories":[301],"tags":[],"class_list":["post-129658","post","type-post","status-publish","format-standard","has-post-thumbnail","hentry","category-artigos-policiais"],"_links":{"self":[{"href":"https:\/\/diarioregionaldigital.com.br\/index.php?rest_route=\/wp\/v2\/posts\/129658","targetHints":{"allow":["GET"]}}],"collection":[{"href":"https:\/\/diarioregionaldigital.com.br\/index.php?rest_route=\/wp\/v2\/posts"}],"about":[{"href":"https:\/\/diarioregionaldigital.com.br\/index.php?rest_route=\/wp\/v2\/types\/post"}],"author":[{"embeddable":true,"href":"https:\/\/diarioregionaldigital.com.br\/index.php?rest_route=\/wp\/v2\/users\/96"}],"replies":[{"embeddable":true,"href":"https:\/\/diarioregionaldigital.com.br\/index.php?rest_route=%2Fwp%2Fv2%2Fcomments&post=129658"}],"version-history":[{"count":0,"href":"https:\/\/diarioregionaldigital.com.br\/index.php?rest_route=\/wp\/v2\/posts\/129658\/revisions"}],"wp:featuredmedia":[{"embeddable":true,"href":"https:\/\/diarioregionaldigital.com.br\/index.php?rest_route=\/wp\/v2\/media\/95836"}],"wp:attachment":[{"href":"https:\/\/diarioregionaldigital.com.br\/index.php?rest_route=%2Fwp%2Fv2%2Fmedia&parent=129658"}],"wp:term":[{"taxonomy":"category","embeddable":true,"href":"https:\/\/diarioregionaldigital.com.br\/index.php?rest_route=%2Fwp%2Fv2%2Fcategories&post=129658"},{"taxonomy":"post_tag","embeddable":true,"href":"https:\/\/diarioregionaldigital.com.br\/index.php?rest_route=%2Fwp%2Fv2%2Ftags&post=129658"}],"curies":[{"name":"wp","href":"https:\/\/api.w.org\/{rel}","templated":true}]}}