{"id":129642,"date":"2019-01-06T00:50:48","date_gmt":"2019-01-06T02:50:48","guid":{"rendered":"https:\/\/diarioregionaldigital.com.br\/?p=129642"},"modified":"2018-12-31T18:02:10","modified_gmt":"2018-12-31T20:02:10","slug":"in-moda-e-verao","status":"publish","type":"post","link":"https:\/\/diarioregionaldigital.com.br\/?p=129642","title":{"rendered":"In Moda &#8211; \u00c9 ver\u00e3o!"},"content":{"rendered":"<p><span style=\"font-size: 14pt\"><strong>P\u00c9 NA AREIA!<\/strong><\/span><\/p>\n<p><span style=\"font-size: 14pt\">Nessa \u00e9poca do ano, uma das produ\u00e7\u00f5es que mais costumamos exibir por ai s\u00e3o aquelas com roupas de banho n\u00e3o \u00e9 mesmo?! E para te ajudar na hora de escolher o que usar, preparamos um guia com os principais tipos de biqu\u00ednis e maios e as tend\u00eancias mais quentes da moda praia 2018!<\/span><\/p>\n<p><span style=\"font-size: 14pt\"><strong>Os modelos ideiais<\/strong><\/span><\/p>\n<p><span style=\"font-size: 14pt\"><strong>Hot Pant:<\/strong> As hot pants por vezes dividem opini\u00f5es, mas deixam a produ\u00e7\u00e3o da praia mais elegante, al\u00e9m do mais o modelo veste bem para todos os tipos de corpos e n\u00e3o marca o quadril. Para quem n\u00e3o abre m\u00e3o de pegar sol e tem medo da marquinha, uma dica \u00e9 durante a exposi\u00e7\u00e3o, dobrar a barra do biqu\u00edni at\u00e9 a parte de baixo do umbigo.<\/span><\/p>\n<p style=\"text-align: center\"><img loading=\"lazy\" decoding=\"async\" class=\"alignnone size-medium wp-image-129646\" src=\"https:\/\/diarioregionaldigital.com.br\/wp-content\/uploads\/2018\/12\/HOT-PANT-300x300.jpg\" alt=\"\" width=\"300\" height=\"300\" srcset=\"https:\/\/diarioregionaldigital.com.br\/wp-content\/uploads\/2018\/12\/HOT-PANT-300x300.jpg 300w, https:\/\/diarioregionaldigital.com.br\/wp-content\/uploads\/2018\/12\/HOT-PANT-150x150.jpg 150w, https:\/\/diarioregionaldigital.com.br\/wp-content\/uploads\/2018\/12\/HOT-PANT-180x180.jpg 180w, https:\/\/diarioregionaldigital.com.br\/wp-content\/uploads\/2018\/12\/HOT-PANT-120x120.jpg 120w, https:\/\/diarioregionaldigital.com.br\/wp-content\/uploads\/2018\/12\/HOT-PANT-360x360.jpg 360w, https:\/\/diarioregionaldigital.com.br\/wp-content\/uploads\/2018\/12\/HOT-PANT-80x80.jpg 80w, https:\/\/diarioregionaldigital.com.br\/wp-content\/uploads\/2018\/12\/HOT-PANT.jpg 480w\" sizes=\"auto, (max-width: 300px) 100vw, 300px\" \/><\/p>\n<p>&nbsp;<\/p>\n<p><span style=\"font-size: 14pt\"><strong>Asa Delta:<\/strong> Sucesso nos anos 80, a asa delta volta com tudo para esse ver\u00e3o, recebendo varia\u00e7\u00f5es repaginadas, como laterais de diversas larguras! Por ser bem cavado, o modelo valoriza cintura e pernar e tende a chamar aten\u00e7\u00e3o!<\/span><\/p>\n<p style=\"text-align: center\"><img loading=\"lazy\" decoding=\"async\" class=\"alignnone size-medium wp-image-129647\" src=\"https:\/\/diarioregionaldigital.com.br\/wp-content\/uploads\/2018\/12\/ASA-DELTA-300x300.jpg\" alt=\"\" width=\"300\" height=\"300\" srcset=\"https:\/\/diarioregionaldigital.com.br\/wp-content\/uploads\/2018\/12\/ASA-DELTA-300x300.jpg 300w, https:\/\/diarioregionaldigital.com.br\/wp-content\/uploads\/2018\/12\/ASA-DELTA-150x150.jpg 150w, https:\/\/diarioregionaldigital.com.br\/wp-content\/uploads\/2018\/12\/ASA-DELTA-768x768.jpg 768w, https:\/\/diarioregionaldigital.com.br\/wp-content\/uploads\/2018\/12\/ASA-DELTA-180x180.jpg 180w, https:\/\/diarioregionaldigital.com.br\/wp-content\/uploads\/2018\/12\/ASA-DELTA-600x600.jpg 600w, https:\/\/diarioregionaldigital.com.br\/wp-content\/uploads\/2018\/12\/ASA-DELTA-120x120.jpg 120w, https:\/\/diarioregionaldigital.com.br\/wp-content\/uploads\/2018\/12\/ASA-DELTA-360x360.jpg 360w, https:\/\/diarioregionaldigital.com.br\/wp-content\/uploads\/2018\/12\/ASA-DELTA-80x80.jpg 80w, https:\/\/diarioregionaldigital.com.br\/wp-content\/uploads\/2018\/12\/ASA-DELTA.jpg 800w\" sizes=\"auto, (max-width: 300px) 100vw, 300px\" \/><\/p>\n<p><span style=\"font-size: 14pt\"><strong>Cortininha:<\/strong> O modelo costuma ser o preferido entre as mulheres principalmente na hora pegar um bronze e n\u00e3o \u00e9 para menos, afinal, ele \u00e9 bem democr\u00e1tico, o modelo de lacinho facilita a regulagem a as al\u00e7as finas s\u00e3o ideais para quem gosta de marquinha. O modelo tamb\u00e9m valoriza os seios.<\/span><\/p>\n<p style=\"text-align: center\"><img loading=\"lazy\" decoding=\"async\" class=\"alignnone size-medium wp-image-129648\" src=\"https:\/\/diarioregionaldigital.com.br\/wp-content\/uploads\/2018\/12\/CORTININHA-180x300.jpg\" alt=\"\" width=\"180\" height=\"300\" srcset=\"https:\/\/diarioregionaldigital.com.br\/wp-content\/uploads\/2018\/12\/CORTININHA-180x300.jpg 180w, https:\/\/diarioregionaldigital.com.br\/wp-content\/uploads\/2018\/12\/CORTININHA.jpg 360w\" sizes=\"auto, (max-width: 180px) 100vw, 180px\" \/><\/p>\n<p>&nbsp;<\/p>\n<p><span style=\"font-size: 14pt\"><strong>Tri\u00e2ngulo:<\/strong> ele vem ganhando muitas adeptas nas areias, possui al\u00e7as finas e fixas nas costas. \u00c9 um modelo que assim como o cortininha \u00e9 bem democr\u00e1tico e excelente na hora de garantir o bronzeado.<\/span><\/p>\n<p style=\"text-align: center\"><img loading=\"lazy\" decoding=\"async\" class=\"alignnone size-medium wp-image-129649\" src=\"https:\/\/diarioregionaldigital.com.br\/wp-content\/uploads\/2018\/12\/TRIANGULO-207x300.jpg\" alt=\"\" width=\"207\" height=\"300\" srcset=\"https:\/\/diarioregionaldigital.com.br\/wp-content\/uploads\/2018\/12\/TRIANGULO-207x300.jpg 207w, https:\/\/diarioregionaldigital.com.br\/wp-content\/uploads\/2018\/12\/TRIANGULO-360x523.jpg 360w, https:\/\/diarioregionaldigital.com.br\/wp-content\/uploads\/2018\/12\/TRIANGULO.jpg 569w\" sizes=\"auto, (max-width: 207px) 100vw, 207px\" \/><\/p>\n<p><span style=\"font-size: 14pt\"><strong>Tomara que caia:<\/strong> O modelo \u00e9 perfeito para quem quer valorizar os seios, dando a impress\u00e3o de que s\u00e3o maiores e equilibrar a propor\u00e7\u00e3o do corpo quando se tem o quadril mais largo, pois ele cria uma ilus\u00e3o de \u00f3tica de amplia\u00e7\u00e3o do tronco.<\/span><\/p>\n<p style=\"text-align: center\"><img loading=\"lazy\" decoding=\"async\" class=\"alignnone size-medium wp-image-129653\" src=\"https:\/\/diarioregionaldigital.com.br\/wp-content\/uploads\/2018\/12\/Biqu\u00edni-tomara-que-caia-Azul-com-recortes-rosa-e-amarelo-600x600-300x300.jpg\" alt=\"\" width=\"300\" height=\"300\" srcset=\"https:\/\/diarioregionaldigital.com.br\/wp-content\/uploads\/2018\/12\/Biqu\u00edni-tomara-que-caia-Azul-com-recortes-rosa-e-amarelo-600x600-300x300.jpg 300w, https:\/\/diarioregionaldigital.com.br\/wp-content\/uploads\/2018\/12\/Biqu\u00edni-tomara-que-caia-Azul-com-recortes-rosa-e-amarelo-600x600-150x150.jpg 150w, https:\/\/diarioregionaldigital.com.br\/wp-content\/uploads\/2018\/12\/Biqu\u00edni-tomara-que-caia-Azul-com-recortes-rosa-e-amarelo-600x600-180x180.jpg 180w, https:\/\/diarioregionaldigital.com.br\/wp-content\/uploads\/2018\/12\/Biqu\u00edni-tomara-que-caia-Azul-com-recortes-rosa-e-amarelo-600x600-120x120.jpg 120w, https:\/\/diarioregionaldigital.com.br\/wp-content\/uploads\/2018\/12\/Biqu\u00edni-tomara-que-caia-Azul-com-recortes-rosa-e-amarelo-600x600.jpg 600w, https:\/\/diarioregionaldigital.com.br\/wp-content\/uploads\/2018\/12\/Biqu\u00edni-tomara-que-caia-Azul-com-recortes-rosa-e-amarelo-600x600-360x360.jpg 360w, https:\/\/diarioregionaldigital.com.br\/wp-content\/uploads\/2018\/12\/Biqu\u00edni-tomara-que-caia-Azul-com-recortes-rosa-e-amarelo-600x600-80x80.jpg 80w\" sizes=\"auto, (max-width: 300px) 100vw, 300px\" \/><\/p>\n<p><span style=\"font-size: 14pt\"><strong>Cropped:<\/strong> o modelo \u00e9 excelente para os praticantes de esportes na praia, pois d\u00e1 mais seguran\u00e7a, visto que \u00e9 um suti\u00e3 grande e fechado, al\u00e9m disso, pode funcionar perfeitamente no caso de voc\u00ea estender a praia para um barzinho, \u00e9 s\u00f3 colocar uma saia ou shorts e est\u00e1 pronta.<\/span><\/p>\n<p><img loading=\"lazy\" decoding=\"async\" class=\"alignnone size-medium wp-image-129650 aligncenter\" src=\"https:\/\/diarioregionaldigital.com.br\/wp-content\/uploads\/2018\/12\/CROPPED-186x300.jpg\" alt=\"\" width=\"186\" height=\"300\" srcset=\"https:\/\/diarioregionaldigital.com.br\/wp-content\/uploads\/2018\/12\/CROPPED-186x300.jpg 186w, https:\/\/diarioregionaldigital.com.br\/wp-content\/uploads\/2018\/12\/CROPPED-360x580.jpg 360w, https:\/\/diarioregionaldigital.com.br\/wp-content\/uploads\/2018\/12\/CROPPED.jpg 600w\" sizes=\"auto, (max-width: 186px) 100vw, 186px\" \/><\/p>\n<p>&nbsp;<\/p>\n<p><span style=\"font-size: 14pt\"><strong>A trends praianas<\/strong><\/span><\/p>\n<p><span style=\"font-size: 14pt\"><strong>\u00a0<\/strong><\/span><\/p>\n<p><span style=\"font-size: 14pt\"><strong>Po\u00e1:<\/strong> Velho conhecido no guarda roupas feminino o po\u00e1 foi um verdadeiro sucesso em 2018 e em 2019 n\u00e3o ser\u00e1 diferente. Inclusive no beachwear, usado em preto e branco ou em padronagens mais coloridas a estampa tem tudo para deixar seu ver\u00e3o cl\u00e1ssico por\u00e9m divertido.<\/span><\/p>\n<p style=\"text-align: center\"><img loading=\"lazy\" decoding=\"async\" class=\"alignnone size-medium wp-image-129644\" src=\"https:\/\/diarioregionaldigital.com.br\/wp-content\/uploads\/2018\/12\/PO\u00c1-252x300.jpg\" alt=\"\" width=\"252\" height=\"300\" srcset=\"https:\/\/diarioregionaldigital.com.br\/wp-content\/uploads\/2018\/12\/PO\u00c1-252x300.jpg 252w, https:\/\/diarioregionaldigital.com.br\/wp-content\/uploads\/2018\/12\/PO\u00c1-360x429.jpg 360w, https:\/\/diarioregionaldigital.com.br\/wp-content\/uploads\/2018\/12\/PO\u00c1.jpg 598w\" sizes=\"auto, (max-width: 252px) 100vw, 252px\" \/><\/p>\n<p><span style=\"font-size: 14pt\"><strong>Listras:<\/strong> H\u00e1 um bom tempo as listras se tornaram um cl\u00e1ssico entre as mulheres. Usada em biquinis, mai\u00f4s ou at\u00e9 mesmo em sa\u00eddas de praia, a padronagem que \u00e9 super democratica promete ser uma das trends do ver\u00e3o de 2019.<\/span><\/p>\n<p style=\"text-align: center\"><img loading=\"lazy\" decoding=\"async\" class=\"alignnone size-medium wp-image-129645\" src=\"https:\/\/diarioregionaldigital.com.br\/wp-content\/uploads\/2018\/12\/LISTRAS-204x300.jpg\" alt=\"\" width=\"204\" height=\"300\" srcset=\"https:\/\/diarioregionaldigital.com.br\/wp-content\/uploads\/2018\/12\/LISTRAS-204x300.jpg 204w, https:\/\/diarioregionaldigital.com.br\/wp-content\/uploads\/2018\/12\/LISTRAS-360x529.jpg 360w, https:\/\/diarioregionaldigital.com.br\/wp-content\/uploads\/2018\/12\/LISTRAS.jpg 599w\" sizes=\"auto, (max-width: 204px) 100vw, 204px\" \/><\/p>\n<p><span style=\"font-size: 14pt\"><strong>Neon:<\/strong> Um pouco pol\u00eamico, o neon tamb\u00e9m promete ser sucesso em 2019, com cores alegres e marcantes que tem tudo para deixar seu beachwear moderno e descontra\u00eddo<\/span><\/p>\n<p style=\"text-align: center\"><img loading=\"lazy\" decoding=\"async\" class=\"alignnone size-medium wp-image-129643\" src=\"https:\/\/diarioregionaldigital.com.br\/wp-content\/uploads\/2018\/12\/NEON-206x300.jpg\" alt=\"\" width=\"206\" height=\"300\" srcset=\"https:\/\/diarioregionaldigital.com.br\/wp-content\/uploads\/2018\/12\/NEON-206x300.jpg 206w, https:\/\/diarioregionaldigital.com.br\/wp-content\/uploads\/2018\/12\/NEON-360x525.jpg 360w, https:\/\/diarioregionaldigital.com.br\/wp-content\/uploads\/2018\/12\/NEON.jpg 596w\" sizes=\"auto, (max-width: 206px) 100vw, 206px\" \/><\/p>\n<p><span style=\"font-size: 14pt\"><strong>CLICK IN MODA<\/strong><\/span><\/p>\n<p><span style=\"font-size: 14pt\">O click da semana \u00e9 super relax e em clima de praia! Let\u00edcia Renault para o olhar de Leonardo Salek. Vale copiar o registro nas f\u00e9rias ver\u00e3o!<\/span><\/p>\n<p style=\"text-align: center\"><img loading=\"lazy\" decoding=\"async\" class=\"alignnone size-medium wp-image-129652\" src=\"https:\/\/diarioregionaldigital.com.br\/wp-content\/uploads\/2018\/12\/CLICK-IN-MODA-293x300.png\" alt=\"\" width=\"293\" height=\"300\" srcset=\"https:\/\/diarioregionaldigital.com.br\/wp-content\/uploads\/2018\/12\/CLICK-IN-MODA-293x300.png 293w, https:\/\/diarioregionaldigital.com.br\/wp-content\/uploads\/2018\/12\/CLICK-IN-MODA-360x368.png 360w, https:\/\/diarioregionaldigital.com.br\/wp-content\/uploads\/2018\/12\/CLICK-IN-MODA.png 580w\" sizes=\"auto, (max-width: 293px) 100vw, 293px\" \/><\/p>\n<p>&nbsp;<\/p>\n<p><span style=\"font-size: 14pt\"><strong>A PRAIA DELES<\/strong><\/span><\/p>\n<p><span style=\"font-size: 14pt\">E nesse ver\u00e3o 2019 ningu\u00e9m fica de fora! Os chap\u00e9us de palha masculinos ser\u00e3o o grande hit da esta\u00e7\u00e3o para os ligados em moda. O item protege do sol e deixa a produ\u00e7\u00e3o super moderna, al\u00e9m de ir da praia at\u00e9 o encontro com os amigos no fim da tarde.<\/span><\/p>\n<p style=\"text-align: center\"><span style=\"font-size: 14pt\"><strong>\u00a0<img loading=\"lazy\" decoding=\"async\" class=\"alignnone size-medium wp-image-129651\" src=\"https:\/\/diarioregionaldigital.com.br\/wp-content\/uploads\/2018\/12\/A-PRAIA-DELES-300x300.jpg\" alt=\"\" width=\"300\" height=\"300\" srcset=\"https:\/\/diarioregionaldigital.com.br\/wp-content\/uploads\/2018\/12\/A-PRAIA-DELES-300x300.jpg 300w, https:\/\/diarioregionaldigital.com.br\/wp-content\/uploads\/2018\/12\/A-PRAIA-DELES-150x150.jpg 150w, https:\/\/diarioregionaldigital.com.br\/wp-content\/uploads\/2018\/12\/A-PRAIA-DELES-768x768.jpg 768w, https:\/\/diarioregionaldigital.com.br\/wp-content\/uploads\/2018\/12\/A-PRAIA-DELES-180x180.jpg 180w, https:\/\/diarioregionaldigital.com.br\/wp-content\/uploads\/2018\/12\/A-PRAIA-DELES-600x600.jpg 600w, https:\/\/diarioregionaldigital.com.br\/wp-content\/uploads\/2018\/12\/A-PRAIA-DELES-120x120.jpg 120w, https:\/\/diarioregionaldigital.com.br\/wp-content\/uploads\/2018\/12\/A-PRAIA-DELES-360x360.jpg 360w, https:\/\/diarioregionaldigital.com.br\/wp-content\/uploads\/2018\/12\/A-PRAIA-DELES-80x80.jpg 80w, https:\/\/diarioregionaldigital.com.br\/wp-content\/uploads\/2018\/12\/A-PRAIA-DELES.jpg 777w\" sizes=\"auto, (max-width: 300px) 100vw, 300px\" \/><\/strong><\/span><\/p>\n<p style=\"text-align: right\"><strong>Colaboradoras:<\/strong><\/p>\n<p style=\"text-align: right\">Deusiane Ladeira<\/p>\n<p style=\"text-align: right\">Izabella Assis<\/p>\n<p style=\"text-align: right\">Mariana Matos<\/p>\n","protected":false},"excerpt":{"rendered":"<p>P\u00c9 NA AREIA! Nessa \u00e9poca do ano, uma das produ\u00e7\u00f5es que mais costumamos exibir por ai s\u00e3o aquelas com roupas de banho n\u00e3o \u00e9 mesmo?! E para te ajudar na hora de escolher o que usar, preparamos um guia com os principais tipos de biqu\u00ednis e maios e as tend\u00eancias mais quentes da moda praia [&hellip;]<\/p>\n","protected":false},"author":96,"featured_media":129643,"comment_status":"closed","ping_status":"closed","sticky":false,"template":"","format":"standard","meta":{"footnotes":""},"categories":[285],"tags":[],"class_list":["post-129642","post","type-post","status-publish","format-standard","has-post-thumbnail","hentry","category-moda-ana-paula-calixto"],"_links":{"self":[{"href":"https:\/\/diarioregionaldigital.com.br\/index.php?rest_route=\/wp\/v2\/posts\/129642","targetHints":{"allow":["GET"]}}],"collection":[{"href":"https:\/\/diarioregionaldigital.com.br\/index.php?rest_route=\/wp\/v2\/posts"}],"about":[{"href":"https:\/\/diarioregionaldigital.com.br\/index.php?rest_route=\/wp\/v2\/types\/post"}],"author":[{"embeddable":true,"href":"https:\/\/diarioregionaldigital.com.br\/index.php?rest_route=\/wp\/v2\/users\/96"}],"replies":[{"embeddable":true,"href":"https:\/\/diarioregionaldigital.com.br\/index.php?rest_route=%2Fwp%2Fv2%2Fcomments&post=129642"}],"version-history":[{"count":0,"href":"https:\/\/diarioregionaldigital.com.br\/index.php?rest_route=\/wp\/v2\/posts\/129642\/revisions"}],"wp:featuredmedia":[{"embeddable":true,"href":"https:\/\/diarioregionaldigital.com.br\/index.php?rest_route=\/wp\/v2\/media\/129643"}],"wp:attachment":[{"href":"https:\/\/diarioregionaldigital.com.br\/index.php?rest_route=%2Fwp%2Fv2%2Fmedia&parent=129642"}],"wp:term":[{"taxonomy":"category","embeddable":true,"href":"https:\/\/diarioregionaldigital.com.br\/index.php?rest_route=%2Fwp%2Fv2%2Fcategories&post=129642"},{"taxonomy":"post_tag","embeddable":true,"href":"https:\/\/diarioregionaldigital.com.br\/index.php?rest_route=%2Fwp%2Fv2%2Ftags&post=129642"}],"curies":[{"name":"wp","href":"https:\/\/api.w.org\/{rel}","templated":true}]}}