{"id":129631,"date":"2018-12-28T23:01:41","date_gmt":"2018-12-29T01:01:41","guid":{"rendered":"https:\/\/diarioregionaldigital.com.br\/?p=129631"},"modified":"2018-12-28T23:01:41","modified_gmt":"2018-12-29T01:01:41","slug":"bolsonaro-diz-que-brasil-e-israel-devem-aprofundar-parcerias-no-futuro","status":"publish","type":"post","link":"https:\/\/diarioregionaldigital.com.br\/?p=129631","title":{"rendered":"Bolsonaro diz que Brasil e Israel devem aprofundar parcerias no futuro"},"content":{"rendered":"<p>O presidente eleito, Jair Bolsonaro, disse nessa sexta-feira, 28,que Brasil e Israel devem ser \u201cirm\u00e3os no futuro\u201d, com parcerias em diversas \u00e1reas. \u201cAprofundamos mais um pouco as nossas inten\u00e7\u00f5es. Mais do que parcerias, sermos irm\u00e3os no futuro, na economia, em tecnologia, em tudo aquilo que possa trazer benef\u00edcios para os dois pa\u00edses\u201d<\/p>\n<p>Netanyahu e Bolsonaro almo\u00e7aram no Forte de Copacabana, no Rio de Janeiro. O primeiro-ministro veio ao Brasil para a posse do presidente eleito, na pr\u00f3xima ter\u00e7a-feira (1\u00ba).<\/p>\n<p>&#8220;Come\u00e7amos um governo dif\u00edcil a partir\u00a0de janeiro, mas o Brasil tem potencialidade, tem massa humana, como a formada em nosso minist\u00e9rio, para que possamos vencer esses obst\u00e1culos. Em parte, precisamos sim de bons aliados, bons amigos, bons irm\u00e3os, como Netanyahu&#8221;, completou Bolsonaro.<\/p>\n<p>Netanyahu disse que a coopera\u00e7\u00e3o m\u00fatua entre os dois pa\u00edses pode trazer benef\u00edcios para as duas na\u00e7\u00f5es. &#8220;Israel \u00e9 a terra prometida e Brasil \u00e9 a terra da promessa. E o senhor se encabe\u00e7a a boa gest\u00e3o desse pa\u00eds para concretizar essa promessa. Israel quer ser parceiro do\u00a0Brasil nessa empreitada. Entendemos que a nossa coopera\u00e7\u00e3o m\u00fatua pode render enormes benef\u00edcios aos nossos\u00a0povos, na economia, na seguran\u00e7a, na agricultura, em recursos h\u00eddricos, ind\u00fastria, em todos as esferas da atividade humana&#8221;, disse.<\/p>\n<p>O primeiro ministro anunciou que convidou Bolsonaro para visitar Israel para &#8220;avan\u00e7armos na coopera\u00e7\u00e3o e parceria&#8221;. Bolsonaro aceitou o convite e disse que em mar\u00e7o visitar\u00e1 o pa\u00eds junto com um comitiva para tratar de tecnologia, agricultura, psicultura, seguran\u00e7a, for\u00e7as armadas.<\/p>\n<h2>Visita<\/h2>\n<p>Netanyahu desembarcou no\u00a0final da manh\u00e3 de hoje na Base A\u00e9rea do Gale\u00e3o, no Rio de Janeiro, para uma visita de cinco dias ao Brasil.\u00a0No final da tarde, Netanyahu ir\u00e1 \u00e0 sinagoga Beit Yaakov para a cerim\u00f4nia religiosa do shabat. Bolsonaro dever\u00e1 acompanhar a visita.<\/p>\n<p>No domingo, 30, o primeiro-ministro se re\u00fane com jornalistas, l\u00edderes da comunidade judaica e Amigos Crist\u00e3os de Israel.\u00a0Na segunda-feira, 31, segue para Bras\u00edlia, onde acompanhar\u00e1 a\u00a0posse de Bolsonarono dia 1\u00ba de janeiro. Ele retorna para Israel na noite do dia 1\u00ba.<\/p>\n<p><em>Fonte: Ag\u00eancia Brasil<\/em><\/p>\n","protected":false},"excerpt":{"rendered":"<p>O presidente eleito, Jair Bolsonaro, disse nessa sexta-feira, 28,que Brasil e Israel devem ser \u201cirm\u00e3os no futuro\u201d, com parcerias em diversas \u00e1reas. \u201cAprofundamos mais um pouco as nossas inten\u00e7\u00f5es. Mais do que parcerias, sermos irm\u00e3os no futuro, na economia, em tecnologia, em tudo aquilo que possa trazer benef\u00edcios para os dois pa\u00edses\u201d Netanyahu e Bolsonaro [&hellip;]<\/p>\n","protected":false},"author":96,"featured_media":0,"comment_status":"closed","ping_status":"closed","sticky":false,"template":"","format":"standard","meta":{"footnotes":""},"categories":[254,439],"tags":[],"class_list":["post-129631","post","type-post","status-publish","format-standard","hentry","category-politica","category-ultima-hora"],"_links":{"self":[{"href":"https:\/\/diarioregionaldigital.com.br\/index.php?rest_route=\/wp\/v2\/posts\/129631","targetHints":{"allow":["GET"]}}],"collection":[{"href":"https:\/\/diarioregionaldigital.com.br\/index.php?rest_route=\/wp\/v2\/posts"}],"about":[{"href":"https:\/\/diarioregionaldigital.com.br\/index.php?rest_route=\/wp\/v2\/types\/post"}],"author":[{"embeddable":true,"href":"https:\/\/diarioregionaldigital.com.br\/index.php?rest_route=\/wp\/v2\/users\/96"}],"replies":[{"embeddable":true,"href":"https:\/\/diarioregionaldigital.com.br\/index.php?rest_route=%2Fwp%2Fv2%2Fcomments&post=129631"}],"version-history":[{"count":0,"href":"https:\/\/diarioregionaldigital.com.br\/index.php?rest_route=\/wp\/v2\/posts\/129631\/revisions"}],"wp:attachment":[{"href":"https:\/\/diarioregionaldigital.com.br\/index.php?rest_route=%2Fwp%2Fv2%2Fmedia&parent=129631"}],"wp:term":[{"taxonomy":"category","embeddable":true,"href":"https:\/\/diarioregionaldigital.com.br\/index.php?rest_route=%2Fwp%2Fv2%2Fcategories&post=129631"},{"taxonomy":"post_tag","embeddable":true,"href":"https:\/\/diarioregionaldigital.com.br\/index.php?rest_route=%2Fwp%2Fv2%2Ftags&post=129631"}],"curies":[{"name":"wp","href":"https:\/\/api.w.org\/{rel}","templated":true}]}}