{"id":129627,"date":"2018-12-28T22:57:40","date_gmt":"2018-12-29T00:57:40","guid":{"rendered":"https:\/\/diarioregionaldigital.com.br\/?p=129627"},"modified":"2018-12-29T10:11:56","modified_gmt":"2018-12-29T12:11:56","slug":"museu-ferroviario-e-sesc-oferecem-ferias-culturais-gratuitas","status":"publish","type":"post","link":"https:\/\/diarioregionaldigital.com.br\/?p=129627","title":{"rendered":"Museu Ferrovi\u00e1rio e Sesc oferecem f\u00e9rias culturais gratuitas"},"content":{"rendered":"<p>Dan\u00e7a, teatro, cinema e educa\u00e7\u00e3o patrimonial est\u00e3o entre as op\u00e7\u00f5es da programa\u00e7\u00e3o especial de f\u00e9rias do Museu Ferrovi\u00e1rio de Juiz de Fora (Avenida Brasil, 2.001 \u2013 Centro). Inteiramente gratuitas, as atividades s\u00e3o fruto da parceria da Funda\u00e7\u00e3o Cultural Alfredo Ferreira Lage (Funalfa) com o Sesc Juiz de Fora e acontecem de 7 de janeiro a 1\u00ba de fevereiro de 2019, sendo voltadas para crian\u00e7as e adolescentes.<\/p>\n<p>Haver\u00e1 quatro oficinas, nas \u00e1reas de dan\u00e7a e teatro, totalizando 75 vagas, que ser\u00e3o preenchidas por meio de inscri\u00e7\u00e3o presencial, de 2 a 10 de janeiro, das 9 \u00e0s 12 horas e das 14 \u00e0s 17 horas. No ato da inscri\u00e7\u00e3o, \u00e9 necess\u00e1rio entregar c\u00f3pias dos documentos de identifica\u00e7\u00e3o do respons\u00e1vel e da crian\u00e7a.<\/p>\n<p>A programa\u00e7\u00e3o ter\u00e1 ainda cinco visitas guiadas ao acervo do Museu Ferrovi\u00e1rio, de 7 a 11 de janeiro, sempre \u00e0s 15 horas. Cada turma ter\u00e1 30 vagas, entre crian\u00e7as, adolescentes e respons\u00e1veis. As inscri\u00e7\u00f5es podem ser feitas presencialmente, nos mesmos hor\u00e1rios, ou pelo telefone 3690-7055.<\/p>\n<p>Outra atra\u00e7\u00e3o programada \u00e9 o CineClubinho, que vai exibir nove longas-metragens, entre anima\u00e7\u00f5es e filme de a\u00e7\u00e3o. As sess\u00f5es acontecem de 21 a 25 de janeiro e de 28 a 1\u00ba de fevereiro, sempre \u00e0s 15 horas. Neste caso, n\u00e3o \u00e9 preciso fazer inscri\u00e7\u00e3o pr\u00e9via; basta comparecer ao Museu, uma hora antes de cada exibi\u00e7\u00e3o, ficando o acesso sujeito \u00e0 lota\u00e7\u00e3o do espa\u00e7o.<\/p>\n<p>O diretor do Museu Ferrovi\u00e1rio, Luiz Fernando Priamo, explica que as crian\u00e7as e os adolescentes devem ser acompanhados por um respons\u00e1vel durante as atividades.<\/p>\n<p><em>Fonte: PJF<\/em><\/p>\n","protected":false},"excerpt":{"rendered":"<p>Dan\u00e7a, teatro, cinema e educa\u00e7\u00e3o patrimonial est\u00e3o entre as op\u00e7\u00f5es da programa\u00e7\u00e3o especial de f\u00e9rias do Museu Ferrovi\u00e1rio de Juiz de Fora (Avenida Brasil, 2.001 \u2013 Centro). Inteiramente gratuitas, as atividades s\u00e3o fruto da parceria da Funda\u00e7\u00e3o Cultural Alfredo Ferreira Lage (Funalfa) com o Sesc Juiz de Fora e acontecem de 7 de janeiro a [&hellip;]<\/p>\n","protected":false},"author":96,"featured_media":0,"comment_status":"closed","ping_status":"closed","sticky":false,"template":"","format":"standard","meta":{"footnotes":""},"categories":[256,436,440,439],"tags":[],"class_list":["post-129627","post","type-post","status-publish","format-standard","hentry","category-cultura","category-destaque-da-semana","category-destaques-do-dia","category-ultima-hora"],"_links":{"self":[{"href":"https:\/\/diarioregionaldigital.com.br\/index.php?rest_route=\/wp\/v2\/posts\/129627","targetHints":{"allow":["GET"]}}],"collection":[{"href":"https:\/\/diarioregionaldigital.com.br\/index.php?rest_route=\/wp\/v2\/posts"}],"about":[{"href":"https:\/\/diarioregionaldigital.com.br\/index.php?rest_route=\/wp\/v2\/types\/post"}],"author":[{"embeddable":true,"href":"https:\/\/diarioregionaldigital.com.br\/index.php?rest_route=\/wp\/v2\/users\/96"}],"replies":[{"embeddable":true,"href":"https:\/\/diarioregionaldigital.com.br\/index.php?rest_route=%2Fwp%2Fv2%2Fcomments&post=129627"}],"version-history":[{"count":0,"href":"https:\/\/diarioregionaldigital.com.br\/index.php?rest_route=\/wp\/v2\/posts\/129627\/revisions"}],"wp:attachment":[{"href":"https:\/\/diarioregionaldigital.com.br\/index.php?rest_route=%2Fwp%2Fv2%2Fmedia&parent=129627"}],"wp:term":[{"taxonomy":"category","embeddable":true,"href":"https:\/\/diarioregionaldigital.com.br\/index.php?rest_route=%2Fwp%2Fv2%2Fcategories&post=129627"},{"taxonomy":"post_tag","embeddable":true,"href":"https:\/\/diarioregionaldigital.com.br\/index.php?rest_route=%2Fwp%2Fv2%2Ftags&post=129627"}],"curies":[{"name":"wp","href":"https:\/\/api.w.org\/{rel}","templated":true}]}}