{"id":129622,"date":"2018-12-28T21:58:21","date_gmt":"2018-12-28T23:58:21","guid":{"rendered":"https:\/\/diarioregionaldigital.com.br\/?p=129622"},"modified":"2018-12-28T21:58:21","modified_gmt":"2018-12-28T23:58:21","slug":"secretaria-de-atividades-urbanas-doa-itens-para-vitimas-das-chuvas-em-jf","status":"publish","type":"post","link":"https:\/\/diarioregionaldigital.com.br\/?p=129622","title":{"rendered":"Secretaria de Atividades Urbanas doa itens para v\u00edtimas das chuvas em JF"},"content":{"rendered":"<p>Nessa sexta-feira, 28, os fiscais de postura da Secretaria de Atividades Urbanas (SAU) da Prefeitura de Juiz de Fora (PJF) doaram mais de 1.600 itens apreendidos, para o Projeto \u201cBem Comum\u201d, que est\u00e1 realizando a campanha \u201cCorrente do Bem\u201d, em solidariedade \u00e0s v\u00edtimas da forte chuva ocorrida na segunda-feira, 24, v\u00e9spera de Natal. Entre os materiais doados est\u00e3o vestu\u00e1rios, pares de meias, sombrinhas e diversas utilidades dom\u00e9sticas.<\/p>\n<p>Os itens doados s\u00e3o resultados de a\u00e7\u00f5es promovidas pelo Departamento de Fiscaliza\u00e7\u00e3o de Obras, Atividades Econ\u00f4micas e Urbanas da SAU, que apreendeu a mercadoria de ambulantes clandestinos. O respons\u00e1vel pelos produtos tem, por lei, prazo de dez dias para resgatar o bem, desde que apresente nota fiscal e quite as multas devidas, taxas de apreens\u00e3o e dep\u00f3sitos incidentes. Ap\u00f3s este per\u00edodo, o material apreendido, tamb\u00e9m segundo a lei, pode ser doado. A iniciativa visa garantir o ordenamento e a qualidade do ambiente urbano, coibindo a ocupa\u00e7\u00e3o indevida de vias e logradouros p\u00fablicos, dando maior acessibilidade e mobilidade \u00e0 popula\u00e7\u00e3o.<\/p>\n<p><b>Solidariedade<\/b><\/p>\n<p>O Projeto \u201cBem Comum\u201d \u00e9 iniciativa da Secretaria de Comunica\u00e7\u00e3o Social (SCS), tendo j\u00e1 promovido cerca de 280 a\u00e7\u00f5es que envolvem carinho e solidariedade. Uma delas \u00e9 a atual campanha \u201cCorrente do Bem\u201d.<\/p>\n<p>Em parceria com o projeto, o Shopping Jardim Norte montou a \u201cLoja do Bem\u201d, que recebe doa\u00e7\u00f5es de roupas, material de higiene pessoal e de limpeza, roupas de cama e banho. A loja fica no setor L2 do shopping, na Av. Brasil, 6.345, Bairro Mariano Proc\u00f3pio.<\/p>\n<p><em>Fonte: PJF<\/em><\/p>\n","protected":false},"excerpt":{"rendered":"<p>Nessa sexta-feira, 28, os fiscais de postura da Secretaria de Atividades Urbanas (SAU) da Prefeitura de Juiz de Fora (PJF) doaram mais de 1.600 itens apreendidos, para o Projeto \u201cBem Comum\u201d, que est\u00e1 realizando a campanha \u201cCorrente do Bem\u201d, em solidariedade \u00e0s v\u00edtimas da forte chuva ocorrida na segunda-feira, 24, v\u00e9spera de Natal. Entre os [&hellip;]<\/p>\n","protected":false},"author":96,"featured_media":0,"comment_status":"closed","ping_status":"closed","sticky":false,"template":"","format":"standard","meta":{"footnotes":""},"categories":[253,439],"tags":[],"class_list":["post-129622","post","type-post","status-publish","format-standard","hentry","category-cidade","category-ultima-hora"],"_links":{"self":[{"href":"https:\/\/diarioregionaldigital.com.br\/index.php?rest_route=\/wp\/v2\/posts\/129622","targetHints":{"allow":["GET"]}}],"collection":[{"href":"https:\/\/diarioregionaldigital.com.br\/index.php?rest_route=\/wp\/v2\/posts"}],"about":[{"href":"https:\/\/diarioregionaldigital.com.br\/index.php?rest_route=\/wp\/v2\/types\/post"}],"author":[{"embeddable":true,"href":"https:\/\/diarioregionaldigital.com.br\/index.php?rest_route=\/wp\/v2\/users\/96"}],"replies":[{"embeddable":true,"href":"https:\/\/diarioregionaldigital.com.br\/index.php?rest_route=%2Fwp%2Fv2%2Fcomments&post=129622"}],"version-history":[{"count":0,"href":"https:\/\/diarioregionaldigital.com.br\/index.php?rest_route=\/wp\/v2\/posts\/129622\/revisions"}],"wp:attachment":[{"href":"https:\/\/diarioregionaldigital.com.br\/index.php?rest_route=%2Fwp%2Fv2%2Fmedia&parent=129622"}],"wp:term":[{"taxonomy":"category","embeddable":true,"href":"https:\/\/diarioregionaldigital.com.br\/index.php?rest_route=%2Fwp%2Fv2%2Fcategories&post=129622"},{"taxonomy":"post_tag","embeddable":true,"href":"https:\/\/diarioregionaldigital.com.br\/index.php?rest_route=%2Fwp%2Fv2%2Ftags&post=129622"}],"curies":[{"name":"wp","href":"https:\/\/api.w.org\/{rel}","templated":true}]}}