{"id":129616,"date":"2019-01-02T07:58:02","date_gmt":"2019-01-02T09:58:02","guid":{"rendered":"https:\/\/diarioregionaldigital.com.br\/?p=129616"},"modified":"2019-01-02T10:02:27","modified_gmt":"2019-01-02T12:02:27","slug":"espaco-cidadao-e-centros-regionais-alteram-atendimento-ao-publico-na-quarta-feira","status":"publish","type":"post","link":"https:\/\/diarioregionaldigital.com.br\/?p=129616","title":{"rendered":"Espa\u00e7o Cidad\u00e3o e centros regionais alteram atendimento ao p\u00fablico nesta quarta-feira"},"content":{"rendered":"<p>Nesta quarta-feira, 2, o atendimento ao p\u00fablico no Espa\u00e7o Cidad\u00e3o Centro e nas regionais sul, oeste, norte e nordeste,\u00a0excepcionalmente, ser\u00e1 das 12 \u00e0s 18 horas,<\/p>\n<p>Na parte da manh\u00e3, a equipe estar\u00e1 empenhada em servi\u00e7os para permitir a disponibiliza\u00e7\u00e3o do Imposto Predial e Territorial Urbano (IPTU) 2019 no sistema a partir de 3 de janeiro.<\/p>\n<h3><b>Espelho do IPTU 2019<\/b><\/h3>\n<p>Nessa quinta-feira, 27, o\u00a0<a href=\"https:\/\/www.pjf.mg.gov.br\/noticias\/view.php?modo=link2&amp;idnoticia2=63183\">Espelho do IPTU 2019<\/a>\u00a0foi disponibilizado para acesso no site da PJF, garantindo aos contribuintes a possibilidade de acessarem antecipadamente o valor integral a ser pago.<\/p>\n<p>O IPTU poder\u00e1 ser pago no Banco do Brasil, Mercantil do Brasil, Bradesco, Santander, Bancoob e na Caixa Econ\u00f4mica Federal (CEF). As lot\u00e9ricas receber\u00e3o o pagamento at\u00e9 R$ 2 mil. Acima deste valor, o pagamento dever\u00e1 ser feito, preferencialmente, pela internet\/office banking do seu banco, ou nos guich\u00eas da CEF, inclusive para os clientes de bancos n\u00e3o credenciados.<\/p>\n<p><strong>Quem n\u00e3o puder acessar o documento via internet deve procurar o Espa\u00e7o Cidad\u00e3o JF\/Centro e nas regionais:<\/strong><\/p>\n<p>&#8211; Espa\u00e7o Cidad\u00e3o JF: Avenida Bar\u00e3o do Rio Branco, 2.234 &#8211; Centro, ao lado do Parque Halfeld;<\/p>\n<p>&#8211; Centro Regional Sul: Rua Porto das Flores, 270 &#8211; Bairro Santa Luzia;<\/p>\n<p>&#8211; Centro Regional Norte: Rua In\u00eas Garcia, 357 &#8211; Benfica;<\/p>\n<p>&#8211; Centro Regional Oeste: Rua Orestes Fabiano Alves, 65 &#8211; S\u00e3o Pedro;<\/p>\n","protected":false},"excerpt":{"rendered":"<p>Nesta quarta-feira, 2, o atendimento ao p\u00fablico no Espa\u00e7o Cidad\u00e3o Centro e nas regionais sul, oeste, norte e nordeste,\u00a0excepcionalmente, ser\u00e1 das 12 \u00e0s 18 horas, Na parte da manh\u00e3, a equipe estar\u00e1 empenhada em servi\u00e7os para permitir a disponibiliza\u00e7\u00e3o do Imposto Predial e Territorial Urbano (IPTU) 2019 no sistema a partir de 3 de janeiro. [&hellip;]<\/p>\n","protected":false},"author":96,"featured_media":0,"comment_status":"closed","ping_status":"closed","sticky":false,"template":"","format":"standard","meta":{"footnotes":""},"categories":[253,436,440,439],"tags":[],"class_list":["post-129616","post","type-post","status-publish","format-standard","hentry","category-cidade","category-destaque-da-semana","category-destaques-do-dia","category-ultima-hora"],"_links":{"self":[{"href":"https:\/\/diarioregionaldigital.com.br\/index.php?rest_route=\/wp\/v2\/posts\/129616","targetHints":{"allow":["GET"]}}],"collection":[{"href":"https:\/\/diarioregionaldigital.com.br\/index.php?rest_route=\/wp\/v2\/posts"}],"about":[{"href":"https:\/\/diarioregionaldigital.com.br\/index.php?rest_route=\/wp\/v2\/types\/post"}],"author":[{"embeddable":true,"href":"https:\/\/diarioregionaldigital.com.br\/index.php?rest_route=\/wp\/v2\/users\/96"}],"replies":[{"embeddable":true,"href":"https:\/\/diarioregionaldigital.com.br\/index.php?rest_route=%2Fwp%2Fv2%2Fcomments&post=129616"}],"version-history":[{"count":0,"href":"https:\/\/diarioregionaldigital.com.br\/index.php?rest_route=\/wp\/v2\/posts\/129616\/revisions"}],"wp:attachment":[{"href":"https:\/\/diarioregionaldigital.com.br\/index.php?rest_route=%2Fwp%2Fv2%2Fmedia&parent=129616"}],"wp:term":[{"taxonomy":"category","embeddable":true,"href":"https:\/\/diarioregionaldigital.com.br\/index.php?rest_route=%2Fwp%2Fv2%2Fcategories&post=129616"},{"taxonomy":"post_tag","embeddable":true,"href":"https:\/\/diarioregionaldigital.com.br\/index.php?rest_route=%2Fwp%2Fv2%2Ftags&post=129616"}],"curies":[{"name":"wp","href":"https:\/\/api.w.org\/{rel}","templated":true}]}}