{"id":129609,"date":"2018-12-28T19:29:36","date_gmt":"2018-12-28T21:29:36","guid":{"rendered":"https:\/\/diarioregionaldigital.com.br\/?p=129609"},"modified":"2018-12-28T19:29:36","modified_gmt":"2018-12-28T21:29:36","slug":"calculo-da-aposentadoria-muda-a-partir-de-segunda-feira","status":"publish","type":"post","link":"https:\/\/diarioregionaldigital.com.br\/?p=129609","title":{"rendered":"C\u00e1lculo da aposentadoria muda a partir de segunda-feira"},"content":{"rendered":"<p>O c\u00e1lculo das aposentadorias por tempo de contribui\u00e7\u00e3o vai mudar a partir de segunda-feira, 31, quando ser\u00e1 acionada uma regra implementada por lei em 2015. A regra exige um ano a mais para homens e mulheres se aposentarem. A atual f\u00f3rmula, conhecida como 85\/95, vai aumentar um ponto e se tornar 86\/96.<\/p>\n<p>Quem quiser se aposentar pela regra atual \u2013 e j\u00e1 cumpre os requisitos \u2013 t\u00eam at\u00e9 domingo, 30,\u00a0 para fazer a solicita\u00e7\u00e3o.<\/p>\n<p>Pela f\u00f3rmula 85\/95, a soma da idade e do tempo de contribui\u00e7\u00e3o deve ser de 85 anos para mulheres e 95 para homens. O tempo de trabalho das mulheres deve ser de 30 anos e o dos homens, de 35 anos. Isso significa, por exemplo, que uma mulher que tenha trabalhado por 30 anos, precisa ter pelo menos 55 anos para se aposentar.<\/p>\n<p>A partir do dia 31, para se aposentar com o tempo m\u00ednimo de contribui\u00e7\u00e3o, ela dever\u00e1 ter 56 anos. A mesma soma precisar\u00e1 alcan\u00e7ar 86 e 96. A f\u00f3rmula ser\u00e1 aumentada gradualmente at\u00e9 2026.<\/p>\n<p>Aqueles que j\u00e1 cumprem as regras podem solicitar a aposentadoria pelo telefone 135, que funciona das 7h \u00e0s 22h, no hor\u00e1rio de Bras\u00edlia. Pelo telefone, o pedido pode ser feito somente at\u00e9 s\u00e1bado. Pelo\u00a0site do INSS.o pedido pode ser feito at\u00e9 domingo, 30.<\/p>\n<h3>F\u00f3rmula<\/h3>\n<p>A atual regra \u00e9 fixada pela Lei 13.183\/2015. Nos pr\u00f3ximos anos, a soma voltar\u00e1 a aumentar, sempre em um ano. A partir de 31 de dezembro de 2020, passar\u00e1 a ser 87\/97; de 31 de dezembro de 2022, 88\/98; de 31 de dezembro de 2024, 89\/99; e, em 31 de dezembro de 2026 chegar\u00e1 \u00e0 soma final de 90\/100.<\/p>\n<p>Defensor da f\u00f3rmula, o professor da Universidade de Bras\u00edlia e assessor do Conselho Federal de Economia, Roberto Piscitelli, diz que o c\u00e1lculo ajuda a reduzir desigualdades. \u201cEle combina dois indicadores [tempo de contribui\u00e7\u00e3o e idade m\u00ednima] que, \u00e0s vezes, quando considerados isoladamente dificultam a vida do trabalhador. A f\u00f3rmula ajuda a compensar a situa\u00e7\u00e3o daqueles que come\u00e7aram a trabalhar muito cedo, o que sempre foi fator de injusti\u00e7a do ponto de vista do tempo para aposentadoria\u201d, explicou.<\/p>\n<p>Al\u00e9m de se aposentar pela regra 85\/95, os trabalhadores podem atualmente se aposentar apenas por tempo m\u00ednimo de contribui\u00e7\u00e3o: 35 anos para os homens e 30 anos para as mulheres, independente da idade. Nesses casos, no entanto, poder\u00e1 ser aplicado o chamado fator previdenci\u00e1rio que, na pr\u00e1tica, reduz o valor da aposentadoria de quem se aposenta cedo.<\/p>\n<div class=\"edicao\">Fonte: Ag\u00eancia Brasil<\/div>\n","protected":false},"excerpt":{"rendered":"<p>O c\u00e1lculo das aposentadorias por tempo de contribui\u00e7\u00e3o vai mudar a partir de segunda-feira, 31, quando ser\u00e1 acionada uma regra implementada por lei em 2015. A regra exige um ano a mais para homens e mulheres se aposentarem. A atual f\u00f3rmula, conhecida como 85\/95, vai aumentar um ponto e se tornar 86\/96. Quem quiser se [&hellip;]<\/p>\n","protected":false},"author":96,"featured_media":0,"comment_status":"closed","ping_status":"closed","sticky":false,"template":"","format":"standard","meta":{"footnotes":""},"categories":[302],"tags":[],"class_list":["post-129609","post","type-post","status-publish","format-standard","hentry","category-brasil-mundo"],"_links":{"self":[{"href":"https:\/\/diarioregionaldigital.com.br\/index.php?rest_route=\/wp\/v2\/posts\/129609","targetHints":{"allow":["GET"]}}],"collection":[{"href":"https:\/\/diarioregionaldigital.com.br\/index.php?rest_route=\/wp\/v2\/posts"}],"about":[{"href":"https:\/\/diarioregionaldigital.com.br\/index.php?rest_route=\/wp\/v2\/types\/post"}],"author":[{"embeddable":true,"href":"https:\/\/diarioregionaldigital.com.br\/index.php?rest_route=\/wp\/v2\/users\/96"}],"replies":[{"embeddable":true,"href":"https:\/\/diarioregionaldigital.com.br\/index.php?rest_route=%2Fwp%2Fv2%2Fcomments&post=129609"}],"version-history":[{"count":0,"href":"https:\/\/diarioregionaldigital.com.br\/index.php?rest_route=\/wp\/v2\/posts\/129609\/revisions"}],"wp:attachment":[{"href":"https:\/\/diarioregionaldigital.com.br\/index.php?rest_route=%2Fwp%2Fv2%2Fmedia&parent=129609"}],"wp:term":[{"taxonomy":"category","embeddable":true,"href":"https:\/\/diarioregionaldigital.com.br\/index.php?rest_route=%2Fwp%2Fv2%2Fcategories&post=129609"},{"taxonomy":"post_tag","embeddable":true,"href":"https:\/\/diarioregionaldigital.com.br\/index.php?rest_route=%2Fwp%2Fv2%2Ftags&post=129609"}],"curies":[{"name":"wp","href":"https:\/\/api.w.org\/{rel}","templated":true}]}}