{"id":129604,"date":"2018-12-28T19:16:27","date_gmt":"2018-12-28T21:16:27","guid":{"rendered":"https:\/\/diarioregionaldigital.com.br\/?p=129604"},"modified":"2018-12-28T19:20:11","modified_gmt":"2018-12-28T21:20:11","slug":"bolsonaro-estuda-aumentar-validade-da-cnh-de-5-para-10-anos","status":"publish","type":"post","link":"https:\/\/diarioregionaldigital.com.br\/?p=129604","title":{"rendered":"Bolsonaro estuda aumentar validade da CNH de 5 para 10 anos"},"content":{"rendered":"<p>O presidente eleito, Jair Bolsonaro, avisou nessa sexta-feira, 28, via Twitter que pretende aumentar o prazo de validade da carteira nacional de habilita\u00e7\u00e3o no Brasil. Ele pretende estender o prazo de validade dos atuais 5 para 10 anos.<\/p>\n<p>\u201cInformo que faremos gest\u00f5es no sentido de passar para 10 anos a validade da carteira nacional de habilita\u00e7\u00e3o\u201d, disse Bolsonaro que parabenizou o governo do Rio de Janeiro que anunciou a extin\u00e7\u00e3o da vistoria anual de ve\u00edculos.<\/p>\n<p>No in\u00edcio do ano o governo revogou uma resolu\u00e7\u00e3o do Departamento Nacional de Tr\u00e2nsito (Denatran) que obrigava os motoristas a fazer curso te\u00f3rico de dez horas e uma prova para renovar a carteira de habilita\u00e7\u00e3o. A exig\u00eancia mantida \u00e9 a realiza\u00e7\u00e3o de um exame m\u00e9dico.<\/p>\n<p>A atribui\u00e7\u00e3o sobre as regras de tr\u00e2nsito passar\u00e1, a partir de janeiro de 2019, para as m\u00e3os de Gustavo Canuto, que ser\u00e1 o titular do Minist\u00e9rio do Desenvolvimento Regional. A pasta incorporar\u00e1 as atribui\u00e7\u00f5es das Cidades e Integra\u00e7\u00e3o Nacional \u2013 dois minist\u00e9rios que foram suprimidos pelo presidente eleito.<\/p>\n<p>A quatro dias para o novo governo assumir, Bolsonaro tem indicado prioridades das 22 pastas que integrar\u00e3o sua gest\u00e3o. As orienta\u00e7\u00f5es atingem v\u00e3o desde ajustes de gastos a medidas pontuais para cada \u00e1rea.<\/p>\n<p>Fonte: Ag\u00eancia Brasil<\/p>\n","protected":false},"excerpt":{"rendered":"<p>O presidente eleito, Jair Bolsonaro, avisou nessa sexta-feira, 28, via Twitter que pretende aumentar o prazo de validade da carteira nacional de habilita\u00e7\u00e3o no Brasil. Ele pretende estender o prazo de validade dos atuais 5 para 10 anos. \u201cInformo que faremos gest\u00f5es no sentido de passar para 10 anos a validade da carteira nacional de [&hellip;]<\/p>\n","protected":false},"author":96,"featured_media":0,"comment_status":"closed","ping_status":"closed","sticky":false,"template":"","format":"standard","meta":{"footnotes":""},"categories":[302,439],"tags":[],"class_list":["post-129604","post","type-post","status-publish","format-standard","hentry","category-brasil-mundo","category-ultima-hora"],"_links":{"self":[{"href":"https:\/\/diarioregionaldigital.com.br\/index.php?rest_route=\/wp\/v2\/posts\/129604","targetHints":{"allow":["GET"]}}],"collection":[{"href":"https:\/\/diarioregionaldigital.com.br\/index.php?rest_route=\/wp\/v2\/posts"}],"about":[{"href":"https:\/\/diarioregionaldigital.com.br\/index.php?rest_route=\/wp\/v2\/types\/post"}],"author":[{"embeddable":true,"href":"https:\/\/diarioregionaldigital.com.br\/index.php?rest_route=\/wp\/v2\/users\/96"}],"replies":[{"embeddable":true,"href":"https:\/\/diarioregionaldigital.com.br\/index.php?rest_route=%2Fwp%2Fv2%2Fcomments&post=129604"}],"version-history":[{"count":0,"href":"https:\/\/diarioregionaldigital.com.br\/index.php?rest_route=\/wp\/v2\/posts\/129604\/revisions"}],"wp:attachment":[{"href":"https:\/\/diarioregionaldigital.com.br\/index.php?rest_route=%2Fwp%2Fv2%2Fmedia&parent=129604"}],"wp:term":[{"taxonomy":"category","embeddable":true,"href":"https:\/\/diarioregionaldigital.com.br\/index.php?rest_route=%2Fwp%2Fv2%2Fcategories&post=129604"},{"taxonomy":"post_tag","embeddable":true,"href":"https:\/\/diarioregionaldigital.com.br\/index.php?rest_route=%2Fwp%2Fv2%2Ftags&post=129604"}],"curies":[{"name":"wp","href":"https:\/\/api.w.org\/{rel}","templated":true}]}}