{"id":129583,"date":"2018-12-28T08:40:38","date_gmt":"2018-12-28T10:40:38","guid":{"rendered":"https:\/\/diarioregionaldigital.com.br\/?p=129583"},"modified":"2018-12-28T08:43:24","modified_gmt":"2018-12-28T10:43:24","slug":"pjf-publica-decreto-que-fortalece-acoes-da-defesa-civil","status":"publish","type":"post","link":"https:\/\/diarioregionaldigital.com.br\/?p=129583","title":{"rendered":"PJF publica decreto que fortalece a\u00e7\u00f5es da Defesa Civil"},"content":{"rendered":"<p>Visando otimizar os trabalhos da Defesa Civil em Juiz de Fora durante o per\u00edodo chuvoso, ser\u00e1 publicado nesta sexta-feira, 28, o Decreto n\u00ba 13.503, que estabelece diretrizes para subsidiar e orientar as a\u00e7\u00f5es no Munic\u00edpio, al\u00e9m de garantir apoio material e de recursos humanos \u00e0 subsecretaria, respons\u00e1vel por supervisionar todas as a\u00e7\u00f5es. O documento refor\u00e7a a necessidade da articula\u00e7\u00e3o de esfor\u00e7os e recursos de diversos \u00f3rg\u00e3os p\u00fablicos e das organiza\u00e7\u00f5es da sociedade civil, para minimizar os transtornos causados pelas chuvas. Conforme o decreto, as unidades da PJF podem ser acionadas a qualquer momento pela Defesa Civil. O documento ainda ressalta que as a\u00e7\u00f5es emergenciais ter\u00e3o prioridade sobre as outras de rotina.<\/p>\n<p>Em caso de necessidade de utiliza\u00e7\u00e3o de abrigos alternativos, o decreto tamb\u00e9m prev\u00ea a\u00e7\u00f5es. A Defesa Civil ficar\u00e1 respons\u00e1vel pela abertura do local, a Secretaria de Desenvolvimento Social (SDS) pela administra\u00e7\u00e3o, a Guarda Municipal (GM) pela seguran\u00e7a e a SO pelo reparo de eventuais danos. As secretarias de Meio Ambiente (SMA) e Atividades Urbanas (SAU), al\u00e9m da Cesama, Demlurb, SDS e SO tamb\u00e9m ter\u00e3o servidores \u00e0 disposi\u00e7\u00e3o, a fim de dar suporte aos atendimentos da Defesa Civil em caso de emerg\u00eancia ou ainda durante o per\u00edodo chuvoso.<\/p>\n<p><em>Fonte: PJF<\/em><\/p>\n","protected":false},"excerpt":{"rendered":"<p>Visando otimizar os trabalhos da Defesa Civil em Juiz de Fora durante o per\u00edodo chuvoso, ser\u00e1 publicado nesta sexta-feira, 28, o Decreto n\u00ba 13.503, que estabelece diretrizes para subsidiar e orientar as a\u00e7\u00f5es no Munic\u00edpio, al\u00e9m de garantir apoio material e de recursos humanos \u00e0 subsecretaria, respons\u00e1vel por supervisionar todas as a\u00e7\u00f5es. O documento refor\u00e7a [&hellip;]<\/p>\n","protected":false},"author":96,"featured_media":0,"comment_status":"closed","ping_status":"closed","sticky":false,"template":"","format":"standard","meta":{"footnotes":""},"categories":[253,439],"tags":[],"class_list":["post-129583","post","type-post","status-publish","format-standard","hentry","category-cidade","category-ultima-hora"],"_links":{"self":[{"href":"https:\/\/diarioregionaldigital.com.br\/index.php?rest_route=\/wp\/v2\/posts\/129583","targetHints":{"allow":["GET"]}}],"collection":[{"href":"https:\/\/diarioregionaldigital.com.br\/index.php?rest_route=\/wp\/v2\/posts"}],"about":[{"href":"https:\/\/diarioregionaldigital.com.br\/index.php?rest_route=\/wp\/v2\/types\/post"}],"author":[{"embeddable":true,"href":"https:\/\/diarioregionaldigital.com.br\/index.php?rest_route=\/wp\/v2\/users\/96"}],"replies":[{"embeddable":true,"href":"https:\/\/diarioregionaldigital.com.br\/index.php?rest_route=%2Fwp%2Fv2%2Fcomments&post=129583"}],"version-history":[{"count":0,"href":"https:\/\/diarioregionaldigital.com.br\/index.php?rest_route=\/wp\/v2\/posts\/129583\/revisions"}],"wp:attachment":[{"href":"https:\/\/diarioregionaldigital.com.br\/index.php?rest_route=%2Fwp%2Fv2%2Fmedia&parent=129583"}],"wp:term":[{"taxonomy":"category","embeddable":true,"href":"https:\/\/diarioregionaldigital.com.br\/index.php?rest_route=%2Fwp%2Fv2%2Fcategories&post=129583"},{"taxonomy":"post_tag","embeddable":true,"href":"https:\/\/diarioregionaldigital.com.br\/index.php?rest_route=%2Fwp%2Fv2%2Ftags&post=129583"}],"curies":[{"name":"wp","href":"https:\/\/api.w.org\/{rel}","templated":true}]}}