{"id":129577,"date":"2018-12-28T08:31:32","date_gmt":"2018-12-28T10:31:32","guid":{"rendered":"https:\/\/diarioregionaldigital.com.br\/?p=129577"},"modified":"2018-12-28T08:31:32","modified_gmt":"2018-12-28T10:31:32","slug":"oito-feridos-em-acidente-com-caminhao-da-sao-mateus-solucoes-de-cataguases","status":"publish","type":"post","link":"https:\/\/diarioregionaldigital.com.br\/?p=129577","title":{"rendered":"Oito feridos em acidente com caminh\u00e3o da S\u00e3o Mateus Solu\u00e7\u00f5es de Cataguases"},"content":{"rendered":"<p>Um caminh\u00e3o pertencente a empresa S\u00e3o Mateus Solu\u00e7\u00f5es que presta servi\u00e7os para Energisa, caiu em uma ribanceira na estrada Mira\u00ed &#8211; Muria\u00e9, no final da tarde dessa quinta-feira, 27.<\/p>\n<p>Conforme informa\u00e7\u00f5es preliminares, oito pessoas estavam no caminh\u00e3o no momento do acidente, sendo que quatro foram socorridas em estado mais grave.<\/p>\n<p>Todas as v\u00edtimas foram levadas para o Hospital S\u00e3o Paulo em Muria\u00e9.\u00a0Chovia no momento do acidente.<\/p>\n<p>Ainda n\u00e3o h\u00e1 informa\u00e7\u00f5es sobre o estado dos feridos.<\/p>\n<p><em>Fonte: M\u00eddia Mineira<\/em><\/p>\n","protected":false},"excerpt":{"rendered":"<p>Um caminh\u00e3o pertencente a empresa S\u00e3o Mateus Solu\u00e7\u00f5es que presta servi\u00e7os para Energisa, caiu em uma ribanceira na estrada Mira\u00ed &#8211; Muria\u00e9, no final da tarde dessa quinta-feira, 27. Conforme informa\u00e7\u00f5es preliminares, oito pessoas estavam no caminh\u00e3o no momento do acidente, sendo que quatro foram socorridas em estado mais grave. Todas as v\u00edtimas foram levadas [&hellip;]<\/p>\n","protected":false},"author":96,"featured_media":0,"comment_status":"closed","ping_status":"closed","sticky":false,"template":"","format":"standard","meta":{"footnotes":""},"categories":[252,439],"tags":[],"class_list":["post-129577","post","type-post","status-publish","format-standard","hentry","category-regiao","category-ultima-hora"],"_links":{"self":[{"href":"https:\/\/diarioregionaldigital.com.br\/index.php?rest_route=\/wp\/v2\/posts\/129577","targetHints":{"allow":["GET"]}}],"collection":[{"href":"https:\/\/diarioregionaldigital.com.br\/index.php?rest_route=\/wp\/v2\/posts"}],"about":[{"href":"https:\/\/diarioregionaldigital.com.br\/index.php?rest_route=\/wp\/v2\/types\/post"}],"author":[{"embeddable":true,"href":"https:\/\/diarioregionaldigital.com.br\/index.php?rest_route=\/wp\/v2\/users\/96"}],"replies":[{"embeddable":true,"href":"https:\/\/diarioregionaldigital.com.br\/index.php?rest_route=%2Fwp%2Fv2%2Fcomments&post=129577"}],"version-history":[{"count":0,"href":"https:\/\/diarioregionaldigital.com.br\/index.php?rest_route=\/wp\/v2\/posts\/129577\/revisions"}],"wp:attachment":[{"href":"https:\/\/diarioregionaldigital.com.br\/index.php?rest_route=%2Fwp%2Fv2%2Fmedia&parent=129577"}],"wp:term":[{"taxonomy":"category","embeddable":true,"href":"https:\/\/diarioregionaldigital.com.br\/index.php?rest_route=%2Fwp%2Fv2%2Fcategories&post=129577"},{"taxonomy":"post_tag","embeddable":true,"href":"https:\/\/diarioregionaldigital.com.br\/index.php?rest_route=%2Fwp%2Fv2%2Ftags&post=129577"}],"curies":[{"name":"wp","href":"https:\/\/api.w.org\/{rel}","templated":true}]}}