{"id":129564,"date":"2018-12-28T08:09:19","date_gmt":"2018-12-28T10:09:19","guid":{"rendered":"https:\/\/diarioregionaldigital.com.br\/?p=129564"},"modified":"2018-12-28T08:09:19","modified_gmt":"2018-12-28T10:09:19","slug":"mulher-tem-celular-roubado-no-bairro-grajau","status":"publish","type":"post","link":"https:\/\/diarioregionaldigital.com.br\/?p=129564","title":{"rendered":"Mulher tem celular roubado no bairro Graja\u00fa"},"content":{"rendered":"<p>Uma mulher, 33 anos, foi assaltada nessa quinta-feira, 27, no bairro Graja\u00fa, na zona Leste de Juiz de Fora. Ela foi abordada por um homem magro e moreno enquanto passava pela Rua Raulina Magalh\u00e3es Gomes.<\/p>\n<p>O autor tentou roubar da v\u00edtima um celular, mas ela reagiu e resistiu a entregar o aparelho. Ao perceber que n\u00e3o conseguiria subtrair o telefone, o assaltante sacou uma arma e amea\u00e7ou a mulher, conseguindo assim o telefone. Em seguida, ele fugiu.<\/p>\n<p>A Pol\u00edcia Militar realizou rastreamento na regi\u00e3o, mas o indiv\u00edduo n\u00e3o foi localizado.<\/p>\n","protected":false},"excerpt":{"rendered":"<p>Uma mulher, 33 anos, foi assaltada nessa quinta-feira, 27, no bairro Graja\u00fa, na zona Leste de Juiz de Fora. Ela foi abordada por um homem magro e moreno enquanto passava pela Rua Raulina Magalh\u00e3es Gomes. O autor tentou roubar da v\u00edtima um celular, mas ela reagiu e resistiu a entregar o aparelho. Ao perceber que [&hellip;]<\/p>\n","protected":false},"author":96,"featured_media":95836,"comment_status":"closed","ping_status":"closed","sticky":false,"template":"","format":"standard","meta":{"footnotes":""},"categories":[301],"tags":[],"class_list":["post-129564","post","type-post","status-publish","format-standard","has-post-thumbnail","hentry","category-artigos-policiais"],"_links":{"self":[{"href":"https:\/\/diarioregionaldigital.com.br\/index.php?rest_route=\/wp\/v2\/posts\/129564","targetHints":{"allow":["GET"]}}],"collection":[{"href":"https:\/\/diarioregionaldigital.com.br\/index.php?rest_route=\/wp\/v2\/posts"}],"about":[{"href":"https:\/\/diarioregionaldigital.com.br\/index.php?rest_route=\/wp\/v2\/types\/post"}],"author":[{"embeddable":true,"href":"https:\/\/diarioregionaldigital.com.br\/index.php?rest_route=\/wp\/v2\/users\/96"}],"replies":[{"embeddable":true,"href":"https:\/\/diarioregionaldigital.com.br\/index.php?rest_route=%2Fwp%2Fv2%2Fcomments&post=129564"}],"version-history":[{"count":0,"href":"https:\/\/diarioregionaldigital.com.br\/index.php?rest_route=\/wp\/v2\/posts\/129564\/revisions"}],"wp:featuredmedia":[{"embeddable":true,"href":"https:\/\/diarioregionaldigital.com.br\/index.php?rest_route=\/wp\/v2\/media\/95836"}],"wp:attachment":[{"href":"https:\/\/diarioregionaldigital.com.br\/index.php?rest_route=%2Fwp%2Fv2%2Fmedia&parent=129564"}],"wp:term":[{"taxonomy":"category","embeddable":true,"href":"https:\/\/diarioregionaldigital.com.br\/index.php?rest_route=%2Fwp%2Fv2%2Fcategories&post=129564"},{"taxonomy":"post_tag","embeddable":true,"href":"https:\/\/diarioregionaldigital.com.br\/index.php?rest_route=%2Fwp%2Fv2%2Ftags&post=129564"}],"curies":[{"name":"wp","href":"https:\/\/api.w.org\/{rel}","templated":true}]}}