{"id":129558,"date":"2018-12-28T07:57:35","date_gmt":"2018-12-28T09:57:35","guid":{"rendered":"https:\/\/diarioregionaldigital.com.br\/?p=129558"},"modified":"2018-12-28T07:58:00","modified_gmt":"2018-12-28T09:58:00","slug":"trio-assalta-padaria-no-bairro-jk","status":"publish","type":"post","link":"https:\/\/diarioregionaldigital.com.br\/?p=129558","title":{"rendered":"Trio assalta padaria no bairro JK"},"content":{"rendered":"<p>Nessa quinta-feira, 27, tr\u00eas assaltantes roubaram R$1.500 de uma padaria na Rua Murilo de Andrade Abreu, no Bairro JK, na regi\u00e3o Sudeste de Juiz de Fora.<\/p>\n<p>O propriet\u00e1rio do local, de 45 anos, disse que foi surpreendido pelo autores por volta das 16h. Ainda segundo ele, os indiv\u00edduos aparentavam ter idades e entre 16 e 25 anos e exigiram que o dono do estabelecimento entregasse todo o dinheiro que estava no caixa.<\/p>\n<p>Ap\u00f3s o crime, os tr\u00eas fugiram no sentido ao Campo S\u00e3o Carlos. A Pol\u00edcia Militar chegou a fazer rastreamento na regi\u00e3o, mas ningu\u00e9m foi encontrado.<\/p>\n","protected":false},"excerpt":{"rendered":"<p>Nessa quinta-feira, 27, tr\u00eas assaltantes roubaram R$1.500 de uma padaria na Rua Murilo de Andrade Abreu, no Bairro JK, na regi\u00e3o Sudeste de Juiz de Fora. O propriet\u00e1rio do local, de 45 anos, disse que foi surpreendido pelo autores por volta das 16h. Ainda segundo ele, os indiv\u00edduos aparentavam ter idades e entre 16 e [&hellip;]<\/p>\n","protected":false},"author":96,"featured_media":95836,"comment_status":"closed","ping_status":"closed","sticky":false,"template":"","format":"standard","meta":{"footnotes":""},"categories":[301],"tags":[],"class_list":["post-129558","post","type-post","status-publish","format-standard","has-post-thumbnail","hentry","category-artigos-policiais"],"_links":{"self":[{"href":"https:\/\/diarioregionaldigital.com.br\/index.php?rest_route=\/wp\/v2\/posts\/129558","targetHints":{"allow":["GET"]}}],"collection":[{"href":"https:\/\/diarioregionaldigital.com.br\/index.php?rest_route=\/wp\/v2\/posts"}],"about":[{"href":"https:\/\/diarioregionaldigital.com.br\/index.php?rest_route=\/wp\/v2\/types\/post"}],"author":[{"embeddable":true,"href":"https:\/\/diarioregionaldigital.com.br\/index.php?rest_route=\/wp\/v2\/users\/96"}],"replies":[{"embeddable":true,"href":"https:\/\/diarioregionaldigital.com.br\/index.php?rest_route=%2Fwp%2Fv2%2Fcomments&post=129558"}],"version-history":[{"count":0,"href":"https:\/\/diarioregionaldigital.com.br\/index.php?rest_route=\/wp\/v2\/posts\/129558\/revisions"}],"wp:featuredmedia":[{"embeddable":true,"href":"https:\/\/diarioregionaldigital.com.br\/index.php?rest_route=\/wp\/v2\/media\/95836"}],"wp:attachment":[{"href":"https:\/\/diarioregionaldigital.com.br\/index.php?rest_route=%2Fwp%2Fv2%2Fmedia&parent=129558"}],"wp:term":[{"taxonomy":"category","embeddable":true,"href":"https:\/\/diarioregionaldigital.com.br\/index.php?rest_route=%2Fwp%2Fv2%2Fcategories&post=129558"},{"taxonomy":"post_tag","embeddable":true,"href":"https:\/\/diarioregionaldigital.com.br\/index.php?rest_route=%2Fwp%2Fv2%2Ftags&post=129558"}],"curies":[{"name":"wp","href":"https:\/\/api.w.org\/{rel}","templated":true}]}}