{"id":129556,"date":"2018-12-28T07:42:07","date_gmt":"2018-12-28T09:42:07","guid":{"rendered":"https:\/\/diarioregionaldigital.com.br\/?p=129556"},"modified":"2018-12-28T07:42:07","modified_gmt":"2018-12-28T09:42:07","slug":"prazo-para-consolidar-dividas-do-refis-acaba-hoje","status":"publish","type":"post","link":"https:\/\/diarioregionaldigital.com.br\/?p=129556","title":{"rendered":"Prazo para consolidar d\u00edvidas do Refis acaba hoje"},"content":{"rendered":"<p>Os contribuintes que aderiram ao Programa Especial de Regulariza\u00e7\u00e3o Tribut\u00e1ria (Pert), tamb\u00e9m conhecido como Novo Refis, t\u00eam at\u00e9 hoje (28) para prestar informa\u00e7\u00f5es \u00e0 Receita Federal e consolidar o parcelamento na modalidade demais d\u00e9bitos (que exclui as d\u00edvidas com a Previd\u00eancia Social). O prazo come\u00e7ou no \u00faltimo dia 10. Quem n\u00e3o fizer o procedimento ser\u00e1 exclu\u00eddo da renegocia\u00e7\u00e3o.<\/p>\n<p>Na consolida\u00e7\u00e3o, o contribuinte dever\u00e1 indicar os d\u00e9bitos a serem inclu\u00eddos no parcelamento, com a possibilidade de incluir ou retirar d\u00edvidas; a quantidade de parcelas pretendidas e o valor dos cr\u00e9ditos tribut\u00e1rios \u2013 parcela que a Receita Federal deve ao contribuinte \u2013 para abatimento no d\u00e9bito total. Se, no momento da ades\u00e3o ao Pert, o contribuinte indicou indevidamente uma modalidade para a qual n\u00e3o tem d\u00e9bitos, ser\u00e1 poss\u00edvel corrigir a informa\u00e7\u00e3o.<\/p>\n<p>O Pert d\u00e1 desconto nas multas e nos juros e permite o parcelamento de d\u00e9bitos com a Uni\u00e3o em at\u00e9 180 meses (cinco meses para parcelar a entrada de 20% do d\u00e9bito total, mais 175 meses para quitar o restante). A ades\u00e3o ao programa ocorreu ao longo de 2017. Depois do parcelamento da entrada, o contribuinte passou a pagar o restante do d\u00e9bito total informado na ades\u00e3o, dividido pelo n\u00famero de parcelas, enquanto o valor final da presta\u00e7\u00e3o n\u00e3o era consolidado. A parcela m\u00ednima equivale a R$ 200 para pessoa f\u00edsica e R$ 1 mil para pessoa jur\u00eddica.<\/p>\n<p>Quem pediu a renegocia\u00e7\u00e3o de d\u00e9bitos com a Previd\u00eancia Social e fez a consolida\u00e7\u00e3o em agosto precisar\u00e1 repetir o procedimento, caso tenha pedido o parcelamento de outros tipos de d\u00edvidas com a Uni\u00e3o. A consolida\u00e7\u00e3o pode ser feita nos\u00a0Centros de Atendimento Virtual (e-CAC)\u00a0da Receita Federal.<\/p>\n<p>Fonte: Ag\u00eancia Brasil<\/p>\n","protected":false},"excerpt":{"rendered":"<p>Os contribuintes que aderiram ao Programa Especial de Regulariza\u00e7\u00e3o Tribut\u00e1ria (Pert), tamb\u00e9m conhecido como Novo Refis, t\u00eam at\u00e9 hoje (28) para prestar informa\u00e7\u00f5es \u00e0 Receita Federal e consolidar o parcelamento na modalidade demais d\u00e9bitos (que exclui as d\u00edvidas com a Previd\u00eancia Social). O prazo come\u00e7ou no \u00faltimo dia 10. Quem n\u00e3o fizer o procedimento ser\u00e1 [&hellip;]<\/p>\n","protected":false},"author":96,"featured_media":105072,"comment_status":"closed","ping_status":"closed","sticky":false,"template":"","format":"standard","meta":{"footnotes":""},"categories":[261,439],"tags":[],"class_list":["post-129556","post","type-post","status-publish","format-standard","has-post-thumbnail","hentry","category-economia","category-ultima-hora"],"_links":{"self":[{"href":"https:\/\/diarioregionaldigital.com.br\/index.php?rest_route=\/wp\/v2\/posts\/129556","targetHints":{"allow":["GET"]}}],"collection":[{"href":"https:\/\/diarioregionaldigital.com.br\/index.php?rest_route=\/wp\/v2\/posts"}],"about":[{"href":"https:\/\/diarioregionaldigital.com.br\/index.php?rest_route=\/wp\/v2\/types\/post"}],"author":[{"embeddable":true,"href":"https:\/\/diarioregionaldigital.com.br\/index.php?rest_route=\/wp\/v2\/users\/96"}],"replies":[{"embeddable":true,"href":"https:\/\/diarioregionaldigital.com.br\/index.php?rest_route=%2Fwp%2Fv2%2Fcomments&post=129556"}],"version-history":[{"count":0,"href":"https:\/\/diarioregionaldigital.com.br\/index.php?rest_route=\/wp\/v2\/posts\/129556\/revisions"}],"wp:featuredmedia":[{"embeddable":true,"href":"https:\/\/diarioregionaldigital.com.br\/index.php?rest_route=\/wp\/v2\/media\/105072"}],"wp:attachment":[{"href":"https:\/\/diarioregionaldigital.com.br\/index.php?rest_route=%2Fwp%2Fv2%2Fmedia&parent=129556"}],"wp:term":[{"taxonomy":"category","embeddable":true,"href":"https:\/\/diarioregionaldigital.com.br\/index.php?rest_route=%2Fwp%2Fv2%2Fcategories&post=129556"},{"taxonomy":"post_tag","embeddable":true,"href":"https:\/\/diarioregionaldigital.com.br\/index.php?rest_route=%2Fwp%2Fv2%2Ftags&post=129556"}],"curies":[{"name":"wp","href":"https:\/\/api.w.org\/{rel}","templated":true}]}}