{"id":129552,"date":"2018-12-28T07:27:27","date_gmt":"2018-12-28T09:27:27","guid":{"rendered":"https:\/\/diarioregionaldigital.com.br\/?p=129552"},"modified":"2018-12-28T07:27:27","modified_gmt":"2018-12-28T09:27:27","slug":"homem-e-assaltado-por-casal-no-centro-de-jf","status":"publish","type":"post","link":"https:\/\/diarioregionaldigital.com.br\/?p=129552","title":{"rendered":"Homem \u00e9 assaltado por casal no Centro de JF"},"content":{"rendered":"<p>Um homem, 62 anos, foi assaltado nessa quinta-feira, 27, no Centro de Juiz de Fora. Ele passava pela Rua Professor Oswaldo Veloso, por volta das 10h, quando foi surpreendido por um casal de assaltantes.<\/p>\n<p>Os autores exigiram que a v\u00edtima entregasse o dinheiro que tinha, cerca de R$100. Em seguida fugiram.<\/p>\n<p>A Pol\u00edcia Militar agiu r\u00e1pido e, atrav\u00e9s do rastreamento feito na regi\u00e3o, conseguiu localizar as duas pessoas respons\u00e1veis pelo roubo.A mulher, de 29 anos, e o homem, de 30, foram presos e encaminhados \u00e0 delegacia.<\/p>\n","protected":false},"excerpt":{"rendered":"<p>Um homem, 62 anos, foi assaltado nessa quinta-feira, 27, no Centro de Juiz de Fora. Ele passava pela Rua Professor Oswaldo Veloso, por volta das 10h, quando foi surpreendido por um casal de assaltantes. Os autores exigiram que a v\u00edtima entregasse o dinheiro que tinha, cerca de R$100. Em seguida fugiram. A Pol\u00edcia Militar agiu [&hellip;]<\/p>\n","protected":false},"author":96,"featured_media":95836,"comment_status":"closed","ping_status":"closed","sticky":false,"template":"","format":"standard","meta":{"footnotes":""},"categories":[301],"tags":[],"class_list":["post-129552","post","type-post","status-publish","format-standard","has-post-thumbnail","hentry","category-artigos-policiais"],"_links":{"self":[{"href":"https:\/\/diarioregionaldigital.com.br\/index.php?rest_route=\/wp\/v2\/posts\/129552","targetHints":{"allow":["GET"]}}],"collection":[{"href":"https:\/\/diarioregionaldigital.com.br\/index.php?rest_route=\/wp\/v2\/posts"}],"about":[{"href":"https:\/\/diarioregionaldigital.com.br\/index.php?rest_route=\/wp\/v2\/types\/post"}],"author":[{"embeddable":true,"href":"https:\/\/diarioregionaldigital.com.br\/index.php?rest_route=\/wp\/v2\/users\/96"}],"replies":[{"embeddable":true,"href":"https:\/\/diarioregionaldigital.com.br\/index.php?rest_route=%2Fwp%2Fv2%2Fcomments&post=129552"}],"version-history":[{"count":0,"href":"https:\/\/diarioregionaldigital.com.br\/index.php?rest_route=\/wp\/v2\/posts\/129552\/revisions"}],"wp:featuredmedia":[{"embeddable":true,"href":"https:\/\/diarioregionaldigital.com.br\/index.php?rest_route=\/wp\/v2\/media\/95836"}],"wp:attachment":[{"href":"https:\/\/diarioregionaldigital.com.br\/index.php?rest_route=%2Fwp%2Fv2%2Fmedia&parent=129552"}],"wp:term":[{"taxonomy":"category","embeddable":true,"href":"https:\/\/diarioregionaldigital.com.br\/index.php?rest_route=%2Fwp%2Fv2%2Fcategories&post=129552"},{"taxonomy":"post_tag","embeddable":true,"href":"https:\/\/diarioregionaldigital.com.br\/index.php?rest_route=%2Fwp%2Fv2%2Ftags&post=129552"}],"curies":[{"name":"wp","href":"https:\/\/api.w.org\/{rel}","templated":true}]}}