{"id":129546,"date":"2018-12-30T06:00:20","date_gmt":"2018-12-30T08:00:20","guid":{"rendered":"https:\/\/diarioregionaldigital.com.br\/?p=129546"},"modified":"2018-12-28T03:20:28","modified_gmt":"2018-12-28T05:20:28","slug":"retrospectiva-2018","status":"publish","type":"post","link":"https:\/\/diarioregionaldigital.com.br\/?p=129546","title":{"rendered":"Retrospectiva 2018"},"content":{"rendered":"<p style=\"text-align: center;\"><span style=\"font-size: 14pt;\"><strong>Retrospectiva 2018<\/strong><\/span><\/p>\n<p style=\"text-align: center;\">Em cena social, a \u00faltima edi\u00e7\u00e3o desta coluna social on-line de 2018 apresenta os destaques, quem brilhou e foi not\u00edcia no ano que passou. Confiram.<\/p>\n<div id=\"attachment_129493\" style=\"width: 690px\" class=\"wp-caption aligncenter\"><img loading=\"lazy\" decoding=\"async\" aria-describedby=\"caption-attachment-129493\" class=\"wp-image-129493\" src=\"https:\/\/diarioregionaldigital.com.br\/wp-content\/uploads\/2018\/12\/fotoa-16-e1545948475428.jpg\" alt=\"\" width=\"680\" height=\"561\" srcset=\"https:\/\/diarioregionaldigital.com.br\/wp-content\/uploads\/2018\/12\/fotoa-16-e1545948475428.jpg 2309w, https:\/\/diarioregionaldigital.com.br\/wp-content\/uploads\/2018\/12\/fotoa-16-e1545948475428-300x248.jpg 300w, https:\/\/diarioregionaldigital.com.br\/wp-content\/uploads\/2018\/12\/fotoa-16-e1545948475428-768x634.jpg 768w, https:\/\/diarioregionaldigital.com.br\/wp-content\/uploads\/2018\/12\/fotoa-16-e1545948475428-1024x845.jpg 1024w, https:\/\/diarioregionaldigital.com.br\/wp-content\/uploads\/2018\/12\/fotoa-16-e1545948475428-360x297.jpg 360w\" sizes=\"auto, (max-width: 680px) 100vw, 680px\" \/><p id=\"caption-attachment-129493\" class=\"wp-caption-text\">Os lindos Andr\u00e9 Pavam e Sheyla Ver\u00edssimo no Miss Brasil Gay, no Terrazzo<\/p><\/div>\n<div id=\"attachment_129494\" style=\"width: 690px\" class=\"wp-caption aligncenter\"><img loading=\"lazy\" decoding=\"async\" aria-describedby=\"caption-attachment-129494\" class=\"wp-image-129494\" src=\"https:\/\/diarioregionaldigital.com.br\/wp-content\/uploads\/2018\/12\/fotoaa-5-e1545948514124.jpg\" alt=\"\" width=\"680\" height=\"477\" srcset=\"https:\/\/diarioregionaldigital.com.br\/wp-content\/uploads\/2018\/12\/fotoaa-5-e1545948514124.jpg 765w, https:\/\/diarioregionaldigital.com.br\/wp-content\/uploads\/2018\/12\/fotoaa-5-e1545948514124-300x210.jpg 300w, https:\/\/diarioregionaldigital.com.br\/wp-content\/uploads\/2018\/12\/fotoaa-5-e1545948514124-360x253.jpg 360w, https:\/\/diarioregionaldigital.com.br\/wp-content\/uploads\/2018\/12\/fotoaa-5-e1545948514124-100x70.jpg 100w\" sizes=\"auto, (max-width: 680px) 100vw, 680px\" \/><p id=\"caption-attachment-129494\" class=\"wp-caption-text\">Os irm\u00e3os Marc\u00edlio Gomes e Eduardo Gomes no Natal na resid\u00eancia de Marcio Marques, no Guaru\u00e1<\/p><\/div>\n<div id=\"attachment_129495\" style=\"width: 690px\" class=\"wp-caption aligncenter\"><img loading=\"lazy\" decoding=\"async\" aria-describedby=\"caption-attachment-129495\" class=\"wp-image-129495\" src=\"https:\/\/diarioregionaldigital.com.br\/wp-content\/uploads\/2018\/12\/fotoaa1-e1545948538968.jpg\" alt=\"\" width=\"680\" height=\"487\" srcset=\"https:\/\/diarioregionaldigital.com.br\/wp-content\/uploads\/2018\/12\/fotoaa1-e1545948538968.jpg 840w, https:\/\/diarioregionaldigital.com.br\/wp-content\/uploads\/2018\/12\/fotoaa1-e1545948538968-300x215.jpg 300w, https:\/\/diarioregionaldigital.com.br\/wp-content\/uploads\/2018\/12\/fotoaa1-e1545948538968-768x550.jpg 768w, https:\/\/diarioregionaldigital.com.br\/wp-content\/uploads\/2018\/12\/fotoaa1-e1545948538968-360x258.jpg 360w\" sizes=\"auto, (max-width: 680px) 100vw, 680px\" \/><p id=\"caption-attachment-129495\" class=\"wp-caption-text\">Fam\u00edlia linda e unida, D\u00e9bora de Landa, Victor Hugo e Luis Felipe<\/p><\/div>\n<div id=\"attachment_129497\" style=\"width: 690px\" class=\"wp-caption aligncenter\"><img loading=\"lazy\" decoding=\"async\" aria-describedby=\"caption-attachment-129497\" class=\"wp-image-129497\" src=\"https:\/\/diarioregionaldigital.com.br\/wp-content\/uploads\/2018\/12\/fotobb-4-e1545948579553.jpg\" alt=\"\" width=\"680\" height=\"482\" srcset=\"https:\/\/diarioregionaldigital.com.br\/wp-content\/uploads\/2018\/12\/fotobb-4-e1545948579553.jpg 936w, https:\/\/diarioregionaldigital.com.br\/wp-content\/uploads\/2018\/12\/fotobb-4-e1545948579553-300x213.jpg 300w, https:\/\/diarioregionaldigital.com.br\/wp-content\/uploads\/2018\/12\/fotobb-4-e1545948579553-768x545.jpg 768w, https:\/\/diarioregionaldigital.com.br\/wp-content\/uploads\/2018\/12\/fotobb-4-e1545948579553-750x530.jpg 750w, https:\/\/diarioregionaldigital.com.br\/wp-content\/uploads\/2018\/12\/fotobb-4-e1545948579553-360x255.jpg 360w, https:\/\/diarioregionaldigital.com.br\/wp-content\/uploads\/2018\/12\/fotobb-4-e1545948579553-100x70.jpg 100w\" sizes=\"auto, (max-width: 680px) 100vw, 680px\" \/><p id=\"caption-attachment-129497\" class=\"wp-caption-text\">Homenageada no Ranking de Corrida de Rua de JF, Neuza Marsicano<\/p><\/div>\n<div id=\"attachment_129498\" style=\"width: 690px\" class=\"wp-caption aligncenter\"><img loading=\"lazy\" decoding=\"async\" aria-describedby=\"caption-attachment-129498\" class=\"wp-image-129498\" src=\"https:\/\/diarioregionaldigital.com.br\/wp-content\/uploads\/2018\/12\/fotobb1-e1545948610801.jpg\" alt=\"\" width=\"680\" height=\"471\" srcset=\"https:\/\/diarioregionaldigital.com.br\/wp-content\/uploads\/2018\/12\/fotobb1-e1545948610801.jpg 720w, https:\/\/diarioregionaldigital.com.br\/wp-content\/uploads\/2018\/12\/fotobb1-e1545948610801-300x208.jpg 300w, https:\/\/diarioregionaldigital.com.br\/wp-content\/uploads\/2018\/12\/fotobb1-e1545948610801-360x250.jpg 360w, https:\/\/diarioregionaldigital.com.br\/wp-content\/uploads\/2018\/12\/fotobb1-e1545948610801-100x70.jpg 100w\" sizes=\"auto, (max-width: 680px) 100vw, 680px\" \/><p id=\"caption-attachment-129498\" class=\"wp-caption-text\">Felizes para sempre com Renata Marcelino e Luis Ot\u00e1vio Concei\u00e7\u00e3o<\/p><\/div>\n<div id=\"attachment_129499\" style=\"width: 690px\" class=\"wp-caption aligncenter\"><img loading=\"lazy\" decoding=\"async\" aria-describedby=\"caption-attachment-129499\" class=\"wp-image-129499\" src=\"https:\/\/diarioregionaldigital.com.br\/wp-content\/uploads\/2018\/12\/fotoc-16-e1545948647600.jpg\" alt=\"\" width=\"680\" height=\"475\" srcset=\"https:\/\/diarioregionaldigital.com.br\/wp-content\/uploads\/2018\/12\/fotoc-16-e1545948647600.jpg 3261w, https:\/\/diarioregionaldigital.com.br\/wp-content\/uploads\/2018\/12\/fotoc-16-e1545948647600-300x210.jpg 300w, https:\/\/diarioregionaldigital.com.br\/wp-content\/uploads\/2018\/12\/fotoc-16-e1545948647600-768x537.jpg 768w, https:\/\/diarioregionaldigital.com.br\/wp-content\/uploads\/2018\/12\/fotoc-16-e1545948647600-1024x716.jpg 1024w, https:\/\/diarioregionaldigital.com.br\/wp-content\/uploads\/2018\/12\/fotoc-16-e1545948647600-360x252.jpg 360w, https:\/\/diarioregionaldigital.com.br\/wp-content\/uploads\/2018\/12\/fotoc-16-e1545948647600-100x70.jpg 100w\" sizes=\"auto, (max-width: 680px) 100vw, 680px\" \/><p id=\"caption-attachment-129499\" class=\"wp-caption-text\">No Bar da Laje, Erika Beire, Dani Verpel, Luciane Lopes<\/p><\/div>\n<div id=\"attachment_129500\" style=\"width: 690px\" class=\"wp-caption aligncenter\"><img loading=\"lazy\" decoding=\"async\" aria-describedby=\"caption-attachment-129500\" class=\"wp-image-129500\" src=\"https:\/\/diarioregionaldigital.com.br\/wp-content\/uploads\/2018\/12\/fotocc-3-e1545948701207.jpg\" alt=\"\" width=\"680\" height=\"532\" srcset=\"https:\/\/diarioregionaldigital.com.br\/wp-content\/uploads\/2018\/12\/fotocc-3-e1545948701207.jpg 479w, https:\/\/diarioregionaldigital.com.br\/wp-content\/uploads\/2018\/12\/fotocc-3-e1545948701207-300x235.jpg 300w, https:\/\/diarioregionaldigital.com.br\/wp-content\/uploads\/2018\/12\/fotocc-3-e1545948701207-360x282.jpg 360w\" sizes=\"auto, (max-width: 680px) 100vw, 680px\" \/><p id=\"caption-attachment-129500\" class=\"wp-caption-text\">No Sport Club, Beto Souza, Beth Urgal e Eduardo Gomes<\/p><\/div>\n<div id=\"attachment_129501\" style=\"width: 690px\" class=\"wp-caption aligncenter\"><img loading=\"lazy\" decoding=\"async\" aria-describedby=\"caption-attachment-129501\" class=\"wp-image-129501\" src=\"https:\/\/diarioregionaldigital.com.br\/wp-content\/uploads\/2018\/12\/fotod-16-e1545948730170.jpg\" alt=\"\" width=\"680\" height=\"562\" srcset=\"https:\/\/diarioregionaldigital.com.br\/wp-content\/uploads\/2018\/12\/fotod-16-e1545948730170.jpg 2342w, https:\/\/diarioregionaldigital.com.br\/wp-content\/uploads\/2018\/12\/fotod-16-e1545948730170-300x248.jpg 300w, https:\/\/diarioregionaldigital.com.br\/wp-content\/uploads\/2018\/12\/fotod-16-e1545948730170-768x635.jpg 768w, https:\/\/diarioregionaldigital.com.br\/wp-content\/uploads\/2018\/12\/fotod-16-e1545948730170-1024x847.jpg 1024w, https:\/\/diarioregionaldigital.com.br\/wp-content\/uploads\/2018\/12\/fotod-16-e1545948730170-360x298.jpg 360w\" sizes=\"auto, (max-width: 680px) 100vw, 680px\" \/><p id=\"caption-attachment-129501\" class=\"wp-caption-text\">No Trade Hotel, Eduardo Gomes e Regina Mirian<\/p><\/div>\n<div id=\"attachment_129502\" style=\"width: 690px\" class=\"wp-caption aligncenter\"><img loading=\"lazy\" decoding=\"async\" aria-describedby=\"caption-attachment-129502\" class=\"wp-image-129502\" src=\"https:\/\/diarioregionaldigital.com.br\/wp-content\/uploads\/2018\/12\/fotoe-14.jpg\" alt=\"\" width=\"680\" height=\"443\" srcset=\"https:\/\/diarioregionaldigital.com.br\/wp-content\/uploads\/2018\/12\/fotoe-14.jpg 3539w, https:\/\/diarioregionaldigital.com.br\/wp-content\/uploads\/2018\/12\/fotoe-14-300x196.jpg 300w, https:\/\/diarioregionaldigital.com.br\/wp-content\/uploads\/2018\/12\/fotoe-14-768x501.jpg 768w, https:\/\/diarioregionaldigital.com.br\/wp-content\/uploads\/2018\/12\/fotoe-14-1024x668.jpg 1024w, https:\/\/diarioregionaldigital.com.br\/wp-content\/uploads\/2018\/12\/fotoe-14-360x235.jpg 360w\" sizes=\"auto, (max-width: 680px) 100vw, 680px\" \/><p id=\"caption-attachment-129502\" class=\"wp-caption-text\">Na orla do Theatro Central Nelson Resende de Barros, Wildemar Aquino e Z\u00e9 Kodak<\/p><\/div>\n<div id=\"attachment_129503\" style=\"width: 690px\" class=\"wp-caption aligncenter\"><img loading=\"lazy\" decoding=\"async\" aria-describedby=\"caption-attachment-129503\" class=\"wp-image-129503\" src=\"https:\/\/diarioregionaldigital.com.br\/wp-content\/uploads\/2018\/12\/fotof-17-e1545948790313.jpg\" alt=\"\" width=\"680\" height=\"574\" srcset=\"https:\/\/diarioregionaldigital.com.br\/wp-content\/uploads\/2018\/12\/fotof-17-e1545948790313.jpg 2382w, https:\/\/diarioregionaldigital.com.br\/wp-content\/uploads\/2018\/12\/fotof-17-e1545948790313-300x253.jpg 300w, https:\/\/diarioregionaldigital.com.br\/wp-content\/uploads\/2018\/12\/fotof-17-e1545948790313-768x648.jpg 768w, https:\/\/diarioregionaldigital.com.br\/wp-content\/uploads\/2018\/12\/fotof-17-e1545948790313-1024x864.jpg 1024w, https:\/\/diarioregionaldigital.com.br\/wp-content\/uploads\/2018\/12\/fotof-17-e1545948790313-360x304.jpg 360w\" sizes=\"auto, (max-width: 680px) 100vw, 680px\" \/><p id=\"caption-attachment-129503\" class=\"wp-caption-text\">Na ASE, Luciano Lopes de Castro e Eduardo Gomes<\/p><\/div>\n<div id=\"attachment_129505\" style=\"width: 690px\" class=\"wp-caption aligncenter\"><img loading=\"lazy\" decoding=\"async\" aria-describedby=\"caption-attachment-129505\" class=\"wp-image-129505\" src=\"https:\/\/diarioregionaldigital.com.br\/wp-content\/uploads\/2018\/12\/fotoh-13-e1545948855908.jpg\" alt=\"\" width=\"680\" height=\"508\" srcset=\"https:\/\/diarioregionaldigital.com.br\/wp-content\/uploads\/2018\/12\/fotoh-13-e1545948855908.jpg 2285w, https:\/\/diarioregionaldigital.com.br\/wp-content\/uploads\/2018\/12\/fotoh-13-e1545948855908-300x224.jpg 300w, https:\/\/diarioregionaldigital.com.br\/wp-content\/uploads\/2018\/12\/fotoh-13-e1545948855908-768x574.jpg 768w, https:\/\/diarioregionaldigital.com.br\/wp-content\/uploads\/2018\/12\/fotoh-13-e1545948855908-1024x765.jpg 1024w, https:\/\/diarioregionaldigital.com.br\/wp-content\/uploads\/2018\/12\/fotoh-13-e1545948855908-360x269.jpg 360w\" sizes=\"auto, (max-width: 680px) 100vw, 680px\" \/><p id=\"caption-attachment-129505\" class=\"wp-caption-text\">No Caf\u00e9 da Mata, Eliane e Edna Eberle<\/p><\/div>\n<div id=\"attachment_129506\" style=\"width: 690px\" class=\"wp-caption aligncenter\"><img loading=\"lazy\" decoding=\"async\" aria-describedby=\"caption-attachment-129506\" class=\"wp-image-129506\" src=\"https:\/\/diarioregionaldigital.com.br\/wp-content\/uploads\/2018\/12\/fotoi-11-e1545948900419.jpg\" alt=\"\" width=\"680\" height=\"511\" srcset=\"https:\/\/diarioregionaldigital.com.br\/wp-content\/uploads\/2018\/12\/fotoi-11-e1545948900419.jpg 2396w, https:\/\/diarioregionaldigital.com.br\/wp-content\/uploads\/2018\/12\/fotoi-11-e1545948900419-300x225.jpg 300w, https:\/\/diarioregionaldigital.com.br\/wp-content\/uploads\/2018\/12\/fotoi-11-e1545948900419-768x577.jpg 768w, https:\/\/diarioregionaldigital.com.br\/wp-content\/uploads\/2018\/12\/fotoi-11-e1545948900419-1024x769.jpg 1024w, https:\/\/diarioregionaldigital.com.br\/wp-content\/uploads\/2018\/12\/fotoi-11-e1545948900419-360x270.jpg 360w\" sizes=\"auto, (max-width: 680px) 100vw, 680px\" \/><p id=\"caption-attachment-129506\" class=\"wp-caption-text\">No Rio, Carlos Dias, Eduardo Gama, V\u00e2nia Gama e Cristiane Gama<\/p><\/div>\n<div id=\"attachment_129507\" style=\"width: 690px\" class=\"wp-caption aligncenter\"><img loading=\"lazy\" decoding=\"async\" aria-describedby=\"caption-attachment-129507\" class=\"wp-image-129507\" src=\"https:\/\/diarioregionaldigital.com.br\/wp-content\/uploads\/2018\/12\/fotoj-9-e1545948951189.jpg\" alt=\"\" width=\"680\" height=\"532\" srcset=\"https:\/\/diarioregionaldigital.com.br\/wp-content\/uploads\/2018\/12\/fotoj-9-e1545948951189.jpg 2347w, https:\/\/diarioregionaldigital.com.br\/wp-content\/uploads\/2018\/12\/fotoj-9-e1545948951189-300x235.jpg 300w, https:\/\/diarioregionaldigital.com.br\/wp-content\/uploads\/2018\/12\/fotoj-9-e1545948951189-768x601.jpg 768w, https:\/\/diarioregionaldigital.com.br\/wp-content\/uploads\/2018\/12\/fotoj-9-e1545948951189-1024x801.jpg 1024w, https:\/\/diarioregionaldigital.com.br\/wp-content\/uploads\/2018\/12\/fotoj-9-e1545948951189-360x282.jpg 360w\" sizes=\"auto, (max-width: 680px) 100vw, 680px\" \/><p id=\"caption-attachment-129507\" class=\"wp-caption-text\">O Fisioterapeuta 2018, Ramon David<\/p><\/div>\n<div id=\"attachment_129510\" style=\"width: 690px\" class=\"wp-caption aligncenter\"><img loading=\"lazy\" decoding=\"async\" aria-describedby=\"caption-attachment-129510\" class=\"wp-image-129510\" src=\"https:\/\/diarioregionaldigital.com.br\/wp-content\/uploads\/2018\/12\/foton-5-e1545949005588.jpg\" alt=\"\" width=\"680\" height=\"531\" srcset=\"https:\/\/diarioregionaldigital.com.br\/wp-content\/uploads\/2018\/12\/foton-5-e1545949005588.jpg 2403w, https:\/\/diarioregionaldigital.com.br\/wp-content\/uploads\/2018\/12\/foton-5-e1545949005588-300x234.jpg 300w, https:\/\/diarioregionaldigital.com.br\/wp-content\/uploads\/2018\/12\/foton-5-e1545949005588-768x599.jpg 768w, https:\/\/diarioregionaldigital.com.br\/wp-content\/uploads\/2018\/12\/foton-5-e1545949005588-1024x799.jpg 1024w, https:\/\/diarioregionaldigital.com.br\/wp-content\/uploads\/2018\/12\/foton-5-e1545949005588-360x281.jpg 360w\" sizes=\"auto, (max-width: 680px) 100vw, 680px\" \/><p id=\"caption-attachment-129510\" class=\"wp-caption-text\">No Trade Hotel, Sandra Portella e Mestre Jansen<\/p><\/div>\n<div id=\"attachment_129511\" style=\"width: 690px\" class=\"wp-caption aligncenter\"><img loading=\"lazy\" decoding=\"async\" aria-describedby=\"caption-attachment-129511\" class=\"wp-image-129511\" src=\"https:\/\/diarioregionaldigital.com.br\/wp-content\/uploads\/2018\/12\/fotoo-5.jpg\" alt=\"\" width=\"680\" height=\"458\" srcset=\"https:\/\/diarioregionaldigital.com.br\/wp-content\/uploads\/2018\/12\/fotoo-5.jpg 3464w, https:\/\/diarioregionaldigital.com.br\/wp-content\/uploads\/2018\/12\/fotoo-5-300x202.jpg 300w, https:\/\/diarioregionaldigital.com.br\/wp-content\/uploads\/2018\/12\/fotoo-5-768x517.jpg 768w, https:\/\/diarioregionaldigital.com.br\/wp-content\/uploads\/2018\/12\/fotoo-5-1024x689.jpg 1024w, https:\/\/diarioregionaldigital.com.br\/wp-content\/uploads\/2018\/12\/fotoo-5-360x242.jpg 360w\" sizes=\"auto, (max-width: 680px) 100vw, 680px\" \/><p id=\"caption-attachment-129511\" class=\"wp-caption-text\">No Trade Hotel, Francele Galil, Eduardo Gomes, Helenise Machado, Celeste de Paula e Talison Vardiero<\/p><\/div>\n<div id=\"attachment_129514\" style=\"width: 690px\" class=\"wp-caption aligncenter\"><img loading=\"lazy\" decoding=\"async\" aria-describedby=\"caption-attachment-129514\" class=\"wp-image-129514\" src=\"https:\/\/diarioregionaldigital.com.br\/wp-content\/uploads\/2018\/12\/fotor-1-e1545949132613.jpg\" alt=\"\" width=\"680\" height=\"516\" srcset=\"https:\/\/diarioregionaldigital.com.br\/wp-content\/uploads\/2018\/12\/fotor-1-e1545949132613.jpg 2540w, https:\/\/diarioregionaldigital.com.br\/wp-content\/uploads\/2018\/12\/fotor-1-e1545949132613-300x227.jpg 300w, https:\/\/diarioregionaldigital.com.br\/wp-content\/uploads\/2018\/12\/fotor-1-e1545949132613-768x582.jpg 768w, https:\/\/diarioregionaldigital.com.br\/wp-content\/uploads\/2018\/12\/fotor-1-e1545949132613-1024x776.jpg 1024w, https:\/\/diarioregionaldigital.com.br\/wp-content\/uploads\/2018\/12\/fotor-1-e1545949132613-360x273.jpg 360w\" sizes=\"auto, (max-width: 680px) 100vw, 680px\" \/><p id=\"caption-attachment-129514\" class=\"wp-caption-text\">No Espa\u00e7o Mascarenhas, Pedro Guedes, Henrique Lott e Ronaldo Couri<\/p><\/div>\n<div id=\"attachment_129515\" style=\"width: 690px\" class=\"wp-caption aligncenter\"><img loading=\"lazy\" decoding=\"async\" aria-describedby=\"caption-attachment-129515\" class=\"wp-image-129515\" src=\"https:\/\/diarioregionaldigital.com.br\/wp-content\/uploads\/2018\/12\/fotos-1-e1545949176206.jpg\" alt=\"\" width=\"680\" height=\"492\" srcset=\"https:\/\/diarioregionaldigital.com.br\/wp-content\/uploads\/2018\/12\/fotos-1-e1545949176206.jpg 2326w, https:\/\/diarioregionaldigital.com.br\/wp-content\/uploads\/2018\/12\/fotos-1-e1545949176206-300x217.jpg 300w, https:\/\/diarioregionaldigital.com.br\/wp-content\/uploads\/2018\/12\/fotos-1-e1545949176206-768x556.jpg 768w, https:\/\/diarioregionaldigital.com.br\/wp-content\/uploads\/2018\/12\/fotos-1-e1545949176206-1024x741.jpg 1024w, https:\/\/diarioregionaldigital.com.br\/wp-content\/uploads\/2018\/12\/fotos-1-e1545949176206-360x261.jpg 360w\" sizes=\"auto, (max-width: 680px) 100vw, 680px\" \/><p id=\"caption-attachment-129515\" class=\"wp-caption-text\">Gente do bom, CA, Dilaine Sampaio, Regina Ferreira, Leonardo Chillis, Arthur Carlos, Ivanir e Carlos Alberto Ferreira<\/p><\/div>\n<div id=\"attachment_129516\" style=\"width: 690px\" class=\"wp-caption aligncenter\"><img loading=\"lazy\" decoding=\"async\" aria-describedby=\"caption-attachment-129516\" class=\"wp-image-129516\" src=\"https:\/\/diarioregionaldigital.com.br\/wp-content\/uploads\/2018\/12\/fotot-1-e1545949220245.jpg\" alt=\"\" width=\"680\" height=\"544\" srcset=\"https:\/\/diarioregionaldigital.com.br\/wp-content\/uploads\/2018\/12\/fotot-1-e1545949220245.jpg 2357w, https:\/\/diarioregionaldigital.com.br\/wp-content\/uploads\/2018\/12\/fotot-1-e1545949220245-300x240.jpg 300w, https:\/\/diarioregionaldigital.com.br\/wp-content\/uploads\/2018\/12\/fotot-1-e1545949220245-768x615.jpg 768w, https:\/\/diarioregionaldigital.com.br\/wp-content\/uploads\/2018\/12\/fotot-1-e1545949220245-1024x819.jpg 1024w, https:\/\/diarioregionaldigital.com.br\/wp-content\/uploads\/2018\/12\/fotot-1-e1545949220245-360x288.jpg 360w\" sizes=\"auto, (max-width: 680px) 100vw, 680px\" \/><p id=\"caption-attachment-129516\" class=\"wp-caption-text\">No Trade Hotel, Rosenberg Frizeiro e Cris Bissoli<\/p><\/div>\n<div id=\"attachment_129517\" style=\"width: 690px\" class=\"wp-caption aligncenter\"><img loading=\"lazy\" decoding=\"async\" aria-describedby=\"caption-attachment-129517\" class=\"wp-image-129517\" src=\"https:\/\/diarioregionaldigital.com.br\/wp-content\/uploads\/2018\/12\/fotou-1-e1545949265436.jpg\" alt=\"\" width=\"680\" height=\"580\" srcset=\"https:\/\/diarioregionaldigital.com.br\/wp-content\/uploads\/2018\/12\/fotou-1-e1545949265436.jpg 2402w, https:\/\/diarioregionaldigital.com.br\/wp-content\/uploads\/2018\/12\/fotou-1-e1545949265436-300x256.jpg 300w, https:\/\/diarioregionaldigital.com.br\/wp-content\/uploads\/2018\/12\/fotou-1-e1545949265436-768x654.jpg 768w, https:\/\/diarioregionaldigital.com.br\/wp-content\/uploads\/2018\/12\/fotou-1-e1545949265436-1024x873.jpg 1024w, https:\/\/diarioregionaldigital.com.br\/wp-content\/uploads\/2018\/12\/fotou-1-e1545949265436-360x307.jpg 360w\" sizes=\"auto, (max-width: 680px) 100vw, 680px\" \/><p id=\"caption-attachment-129517\" class=\"wp-caption-text\">No Terrazzo, Ra\u00edssa Ara\u00fajo, Maikin Almeida<\/p><\/div>\n<div id=\"attachment_129518\" style=\"width: 690px\" class=\"wp-caption aligncenter\"><img loading=\"lazy\" decoding=\"async\" aria-describedby=\"caption-attachment-129518\" class=\"wp-image-129518\" src=\"https:\/\/diarioregionaldigital.com.br\/wp-content\/uploads\/2018\/12\/fotov-1-e1545949318774.jpg\" alt=\"\" width=\"680\" height=\"569\" srcset=\"https:\/\/diarioregionaldigital.com.br\/wp-content\/uploads\/2018\/12\/fotov-1-e1545949318774.jpg 2402w, https:\/\/diarioregionaldigital.com.br\/wp-content\/uploads\/2018\/12\/fotov-1-e1545949318774-300x251.jpg 300w, https:\/\/diarioregionaldigital.com.br\/wp-content\/uploads\/2018\/12\/fotov-1-e1545949318774-768x643.jpg 768w, https:\/\/diarioregionaldigital.com.br\/wp-content\/uploads\/2018\/12\/fotov-1-e1545949318774-1024x857.jpg 1024w, https:\/\/diarioregionaldigital.com.br\/wp-content\/uploads\/2018\/12\/fotov-1-e1545949318774-360x301.jpg 360w\" sizes=\"auto, (max-width: 680px) 100vw, 680px\" \/><p id=\"caption-attachment-129518\" class=\"wp-caption-text\">No Brauhaus, Daniela Lisboa, Juber Pac\u00edfico e Matheus Vitorino<\/p><\/div>\n<div id=\"attachment_129512\" style=\"width: 690px\" class=\"wp-caption aligncenter\"><img loading=\"lazy\" decoding=\"async\" aria-describedby=\"caption-attachment-129512\" class=\"wp-image-129512\" src=\"https:\/\/diarioregionaldigital.com.br\/wp-content\/uploads\/2018\/12\/fotop-2-e1545949067967.jpg\" alt=\"\" width=\"680\" height=\"847\" srcset=\"https:\/\/diarioregionaldigital.com.br\/wp-content\/uploads\/2018\/12\/fotop-2-e1545949067967.jpg 2393w, https:\/\/diarioregionaldigital.com.br\/wp-content\/uploads\/2018\/12\/fotop-2-e1545949067967-241x300.jpg 241w, https:\/\/diarioregionaldigital.com.br\/wp-content\/uploads\/2018\/12\/fotop-2-e1545949067967-768x956.jpg 768w, https:\/\/diarioregionaldigital.com.br\/wp-content\/uploads\/2018\/12\/fotop-2-e1545949067967-822x1024.jpg 822w, https:\/\/diarioregionaldigital.com.br\/wp-content\/uploads\/2018\/12\/fotop-2-e1545949067967-360x448.jpg 360w\" sizes=\"auto, (max-width: 680px) 100vw, 680px\" \/><p id=\"caption-attachment-129512\" class=\"wp-caption-text\">O coiffeur Leandro Calixto<\/p><\/div>\n<p style=\"text-align: center;\"><strong>FOTOSS\u00cdNTESE<\/strong><\/p>\n<p>Vai bombar no domingo, 30, no Bar do L\u00e9o, o in\u00edcio da prepara\u00e7\u00e3o para o Carnaval 2019 com o Bloco do Pagod\u00e3o dos Clubes da Banda Daki e Edmar Augusto de 12h as 17h.<\/p>\n<p>Em ritmo de alto astral, Thais Lima presidente do Juiz de Fora Convention &amp; Visitores, reuniu no Premier Hotel uns e outros para festa de confraterniza\u00e7\u00e3o do turismo. No leque de op\u00e7\u00f5es, chope de Mr. Tugas e drinques da New Open Bar. O tom musical foi da banda Kuka Flor.<\/p>\n<p>Com 20 imagens que arrasaram em Nova York, Paris e Mil\u00e3o, o mineiro de Matias Barbosa Higor Bastos, inaugurou exposi\u00e7\u00e3o de suas fotografias, no Independ\u00eancia Shopping. O artista teve destaque com trabalhos para Dolce &amp; Gabbana, Giorgio Armani e para a revista Vogue.<\/p>\n<p>Em boa hora, 35 fam\u00edlias do Campinho, no Vila Ideal, receberam o registro de Concess\u00e3o de Uso de seus im\u00f3veis. A solenidade foi na Escola Municipal Prefeitura Dilermando Cruz pela PJF.<\/p>\n<p>Com as Artes Marciais em alta, Diego Farnezi e Carlos Alessandro, lutador e empres\u00e1rio, lan\u00e7aram no Brahma Express, a primeira edi\u00e7\u00e3o do WForce, a ser realizado em 9 de fevereiro, no Mhall.<\/p>\n<p>Sandra Portella e Banda ser\u00e1 atra\u00e7\u00e3o m\u00e1xima do r\u00e9veillon do Cultural Bar.<\/p>\n<p>O conselho Deliberativo do Tupi F.C est\u00e1 analisando a utiliza\u00e7\u00e3o de sua sede social que recebeu proposta de aporte financeiro de duas empresas juiz-foranas.<\/p>\n<p>Fim do Ano ou Fim do Mundo? Prioriza seu bem-estar interior e se n\u00e3o estiver a fim, \u00e9 at\u00e9 prefer\u00edvel que desmarque compromissos sociais e procure a paz e esperan\u00e7a de dias melhores. Feliz Ano Novo.<\/p>\n","protected":false},"excerpt":{"rendered":"<p>Retrospectiva 2018 Em cena social, a \u00faltima edi\u00e7\u00e3o desta coluna social on-line de 2018 apresenta os destaques, quem brilhou e foi not\u00edcia no ano que passou. Confiram. FOTOSS\u00cdNTESE Vai bombar no domingo, 30, no Bar do L\u00e9o, o in\u00edcio da prepara\u00e7\u00e3o para o Carnaval 2019 com o Bloco do Pagod\u00e3o dos Clubes da Banda Daki [&hellip;]<\/p>\n","protected":false},"author":96,"featured_media":129549,"comment_status":"closed","ping_status":"closed","sticky":false,"template":"","format":"standard","meta":{"footnotes":""},"categories":[264],"tags":[],"class_list":["post-129546","post","type-post","status-publish","format-standard","has-post-thumbnail","hentry","category-eduardo-gomes"],"_links":{"self":[{"href":"https:\/\/diarioregionaldigital.com.br\/index.php?rest_route=\/wp\/v2\/posts\/129546","targetHints":{"allow":["GET"]}}],"collection":[{"href":"https:\/\/diarioregionaldigital.com.br\/index.php?rest_route=\/wp\/v2\/posts"}],"about":[{"href":"https:\/\/diarioregionaldigital.com.br\/index.php?rest_route=\/wp\/v2\/types\/post"}],"author":[{"embeddable":true,"href":"https:\/\/diarioregionaldigital.com.br\/index.php?rest_route=\/wp\/v2\/users\/96"}],"replies":[{"embeddable":true,"href":"https:\/\/diarioregionaldigital.com.br\/index.php?rest_route=%2Fwp%2Fv2%2Fcomments&post=129546"}],"version-history":[{"count":0,"href":"https:\/\/diarioregionaldigital.com.br\/index.php?rest_route=\/wp\/v2\/posts\/129546\/revisions"}],"wp:featuredmedia":[{"embeddable":true,"href":"https:\/\/diarioregionaldigital.com.br\/index.php?rest_route=\/wp\/v2\/media\/129549"}],"wp:attachment":[{"href":"https:\/\/diarioregionaldigital.com.br\/index.php?rest_route=%2Fwp%2Fv2%2Fmedia&parent=129546"}],"wp:term":[{"taxonomy":"category","embeddable":true,"href":"https:\/\/diarioregionaldigital.com.br\/index.php?rest_route=%2Fwp%2Fv2%2Fcategories&post=129546"},{"taxonomy":"post_tag","embeddable":true,"href":"https:\/\/diarioregionaldigital.com.br\/index.php?rest_route=%2Fwp%2Fv2%2Ftags&post=129546"}],"curies":[{"name":"wp","href":"https:\/\/api.w.org\/{rel}","templated":true}]}}