{"id":129534,"date":"2018-12-27T23:43:36","date_gmt":"2018-12-28T01:43:36","guid":{"rendered":"https:\/\/diarioregionaldigital.com.br\/?p=129534"},"modified":"2018-12-27T23:43:36","modified_gmt":"2018-12-28T01:43:36","slug":"cabo-frio-deve-receber-700-mil-turistas-no-reveillon","status":"publish","type":"post","link":"https:\/\/diarioregionaldigital.com.br\/?p=129534","title":{"rendered":"Cabo Frio deve receber 700 mil turistas no r\u00e9veillon"},"content":{"rendered":"<p>Come\u00e7ou o movimento de sa\u00edda do Rio em dire\u00e7\u00e3o \u00e0s praias da Regi\u00e3o dos Lagos, como Cabo Frio, B\u00fazios, S\u00e3o Pedro da Aldeia, Araruama, entre outras. Com 55 quil\u00f4metros de extens\u00e3o, ligando munic\u00edpios de Rio Bonito \u00e0 S\u00e3o Pedro da Aldeia, a concession\u00e1ria Via Lagos, que administra a rodovia estadual, estima que 288 mil ve\u00edculos, o dobro do Natal, passem pela rodovia para as festas de final de ano. Somente em Cabo Frio, s\u00e3o esperados 700 mil visitantes. A queima de fogos na Praia do Forte, de acordo com a prefeitura, ter\u00e1 dura\u00e7\u00e3o de 10 minutos.<\/p>\n<h3>B\u00fazios<\/h3>\n<p>A Secretaria de Turismo, Cultura e Patrim\u00f4nio Hist\u00f3rico informou que em B\u00fazios s\u00e3o esperadas aproximadamente 200 mil pessoas na passagem do ano. A prefeitura promover\u00e1 queima de fogos nas praias de Gerib\u00e1, Centro, Arma\u00e7\u00e3o, Manguinhos e Tucuns.<\/p>\n<p>Visando o melhor atendimento a moradores e turistas, a Prefeitura de B\u00fazios, por meio da Secretaria de Seguran\u00e7a P\u00fablica, refor\u00e7ou a presen\u00e7a da Guarda Civil Municipal e Pol\u00edcia Militar. Todos os pontos de maior concentra\u00e7\u00e3o de pessoas est\u00e3o recebendo aten\u00e7\u00e3o especial das coordenadorias de seguran\u00e7a, com aumento tamb\u00e9m no fluxo de viaturas para garantir o ordenamento da cidade.<\/p>\n<p>A cidade de B\u00fazios ficou conhecida mundialmente quando a atriz francesa Brigitte Bardot se hospedou na cidade em 1964. A atriz se encantou com a vila de pescadores e chegou a passar o reveillon de 1965, no ent\u00e3o distrito de Cabo Frio. Somente anos depois que B\u00fazios se emancipou e virou prefeitura,. Depois de passar o r\u00e9veillon de 1965 no balne\u00e1rio, Brigitte Bardot deixou B\u00fazios e nunca mais retornou.<\/p>\n<p>Em homenagem \u00e0 atriz, a prefeitura criou a Orla Bardot, que abriga sua est\u00e1tua, que virou \u00edcone na regi\u00e3o.<\/p>\n<h3>Equipes de socorro<\/h3>\n<p>A concession\u00e1ria Via Lagos montou a Opera\u00e7\u00e3o Ver\u00e3o ao longo da rodovia, com apoio de viaturas, m\u00e9dicos e mec\u00e2nicos para dar suporte aos motoristas. Uma moderna tecnologia com o uso de c\u00e2meras ao longo do trecho permite visualizar, em tempo real, as ocorr\u00eancias nas pistas, proporcionando mais agilidade nos atendimentos aos usu\u00e1rios em situa\u00e7\u00e3o de emerg\u00eancia, e informa\u00e7\u00e3o do tempo de travessia pela via.<\/p>\n<p>Fonte: Ag\u00eancia Brasil<\/p>\n","protected":false},"excerpt":{"rendered":"<p>Come\u00e7ou o movimento de sa\u00edda do Rio em dire\u00e7\u00e3o \u00e0s praias da Regi\u00e3o dos Lagos, como Cabo Frio, B\u00fazios, S\u00e3o Pedro da Aldeia, Araruama, entre outras. Com 55 quil\u00f4metros de extens\u00e3o, ligando munic\u00edpios de Rio Bonito \u00e0 S\u00e3o Pedro da Aldeia, a concession\u00e1ria Via Lagos, que administra a rodovia estadual, estima que 288 mil ve\u00edculos, [&hellip;]<\/p>\n","protected":false},"author":96,"featured_media":0,"comment_status":"closed","ping_status":"closed","sticky":false,"template":"","format":"standard","meta":{"footnotes":""},"categories":[302,439],"tags":[],"class_list":["post-129534","post","type-post","status-publish","format-standard","hentry","category-brasil-mundo","category-ultima-hora"],"_links":{"self":[{"href":"https:\/\/diarioregionaldigital.com.br\/index.php?rest_route=\/wp\/v2\/posts\/129534","targetHints":{"allow":["GET"]}}],"collection":[{"href":"https:\/\/diarioregionaldigital.com.br\/index.php?rest_route=\/wp\/v2\/posts"}],"about":[{"href":"https:\/\/diarioregionaldigital.com.br\/index.php?rest_route=\/wp\/v2\/types\/post"}],"author":[{"embeddable":true,"href":"https:\/\/diarioregionaldigital.com.br\/index.php?rest_route=\/wp\/v2\/users\/96"}],"replies":[{"embeddable":true,"href":"https:\/\/diarioregionaldigital.com.br\/index.php?rest_route=%2Fwp%2Fv2%2Fcomments&post=129534"}],"version-history":[{"count":0,"href":"https:\/\/diarioregionaldigital.com.br\/index.php?rest_route=\/wp\/v2\/posts\/129534\/revisions"}],"wp:attachment":[{"href":"https:\/\/diarioregionaldigital.com.br\/index.php?rest_route=%2Fwp%2Fv2%2Fmedia&parent=129534"}],"wp:term":[{"taxonomy":"category","embeddable":true,"href":"https:\/\/diarioregionaldigital.com.br\/index.php?rest_route=%2Fwp%2Fv2%2Fcategories&post=129534"},{"taxonomy":"post_tag","embeddable":true,"href":"https:\/\/diarioregionaldigital.com.br\/index.php?rest_route=%2Fwp%2Fv2%2Ftags&post=129534"}],"curies":[{"name":"wp","href":"https:\/\/api.w.org\/{rel}","templated":true}]}}