{"id":129521,"date":"2018-12-30T06:00:31","date_gmt":"2018-12-30T08:00:31","guid":{"rendered":"https:\/\/diarioregionaldigital.com.br\/?p=129521"},"modified":"2018-12-27T20:24:18","modified_gmt":"2018-12-27T22:24:18","slug":"reuniao-do-conselho-deliberativo-e-diretoria-executiva-30-12-18","status":"publish","type":"post","link":"https:\/\/diarioregionaldigital.com.br\/?p=129521","title":{"rendered":"Reuni\u00e3o do Conselho Deliberativo e Diretoria Executiva &#8211; 30\/12\/18"},"content":{"rendered":"<p style=\"text-align: center;\"><strong>REUNI\u00c3O DO CONSELHO DELIBERATIVO E DIRETORIA EXECUTIVA<\/strong><\/p>\n<p style=\"text-align: center;\"><strong>EDITAL DE CONVOCA\u00c7\u00c3O<\/strong><\/p>\n<p style=\"text-align: center;\">O Dr Jos\u00e9 Mariano Soares de Moraes, Conselheiro Presidente do Conselho Deliberativo do Hospital e Maternidade Therezinha de Jesus, no uso das atribui\u00e7\u00f5es que lhe confere a cl\u00e1usula 16 do Estatuto Social, convoca os membros do Conselho Deliberativo e demais associados, em condi\u00e7\u00f5es de votar, para reuni\u00e3o que se\u00a0realizar\u00e1 na sua sede social na Rua Dr Dirceu de Andrade, n\u00ba 33, S\u00e3o Mateus, Juiz de Fora &#8211; MG, em 31 de dezembro de 2018 \u00e0s 09:00 para primeira convoca\u00e7\u00e3o, com a presen\u00e7a de 2\/3 (dois ter\u00e7os) dos associados, \u00e0s 09:30 para segunda convoca\u00e7\u00e3o, para deliberar sobre altera\u00e7\u00e3o nos membros do Conselho Deliberativo.<strong>\u00a0<\/strong><\/p>\n<p style=\"text-align: center;\"><strong>Juiz de Fora, 28 de dezembro de 2018.<\/strong><\/p>\n<p style=\"text-align: center;\"><strong>Dr Jose Mariano Soares de Moraes<\/strong><\/p>\n<p style=\"text-align: center;\"><strong>Conselheiro Presidente<\/strong><\/p>\n","protected":false},"excerpt":{"rendered":"<p>REUNI\u00c3O DO CONSELHO DELIBERATIVO E DIRETORIA EXECUTIVA EDITAL DE CONVOCA\u00c7\u00c3O O Dr Jos\u00e9 Mariano Soares de Moraes, Conselheiro Presidente do Conselho Deliberativo do Hospital e Maternidade Therezinha de Jesus, no uso das atribui\u00e7\u00f5es que lhe confere a cl\u00e1usula 16 do Estatuto Social, convoca os membros do Conselho Deliberativo e demais associados, em condi\u00e7\u00f5es de votar, [&hellip;]<\/p>\n","protected":false},"author":96,"featured_media":0,"comment_status":"closed","ping_status":"closed","sticky":false,"template":"","format":"standard","meta":{"footnotes":""},"categories":[307],"tags":[],"class_list":["post-129521","post","type-post","status-publish","format-standard","hentry","category-editais"],"_links":{"self":[{"href":"https:\/\/diarioregionaldigital.com.br\/index.php?rest_route=\/wp\/v2\/posts\/129521","targetHints":{"allow":["GET"]}}],"collection":[{"href":"https:\/\/diarioregionaldigital.com.br\/index.php?rest_route=\/wp\/v2\/posts"}],"about":[{"href":"https:\/\/diarioregionaldigital.com.br\/index.php?rest_route=\/wp\/v2\/types\/post"}],"author":[{"embeddable":true,"href":"https:\/\/diarioregionaldigital.com.br\/index.php?rest_route=\/wp\/v2\/users\/96"}],"replies":[{"embeddable":true,"href":"https:\/\/diarioregionaldigital.com.br\/index.php?rest_route=%2Fwp%2Fv2%2Fcomments&post=129521"}],"version-history":[{"count":0,"href":"https:\/\/diarioregionaldigital.com.br\/index.php?rest_route=\/wp\/v2\/posts\/129521\/revisions"}],"wp:attachment":[{"href":"https:\/\/diarioregionaldigital.com.br\/index.php?rest_route=%2Fwp%2Fv2%2Fmedia&parent=129521"}],"wp:term":[{"taxonomy":"category","embeddable":true,"href":"https:\/\/diarioregionaldigital.com.br\/index.php?rest_route=%2Fwp%2Fv2%2Fcategories&post=129521"},{"taxonomy":"post_tag","embeddable":true,"href":"https:\/\/diarioregionaldigital.com.br\/index.php?rest_route=%2Fwp%2Fv2%2Ftags&post=129521"}],"curies":[{"name":"wp","href":"https:\/\/api.w.org\/{rel}","templated":true}]}}