{"id":129478,"date":"2018-12-27T18:14:28","date_gmt":"2018-12-27T20:14:28","guid":{"rendered":"https:\/\/diarioregionaldigital.com.br\/?p=129478"},"modified":"2018-12-27T18:25:11","modified_gmt":"2018-12-27T20:25:11","slug":"defesa-civil-recebe-26-chamados-em-juiz-de-fora","status":"publish","type":"post","link":"https:\/\/diarioregionaldigital.com.br\/?p=129478","title":{"rendered":"Defesa Civil recebe 26 chamados em Juiz de Fora"},"content":{"rendered":"<p>A Defesa Civil da Prefeitura de Juiz de Fora (PJF) atendeu 26 chamados durante esta quinta-feira, 27. Deste total, 19 foram na regi\u00e3o Leste. Os principais chamados foram escorregamento de talude (seis), amea\u00e7a de escorregamento de talude (cinco) e trinca em parede (tr\u00eas).<\/p>\n<p>Na Rua Orlando Riani, no bairro Nossa Senhora Aparecida, um talude deslizou e a terra est\u00e1 depositada atr\u00e1s de um muro de divisa, que suportou a press\u00e3o at\u00e9 agora, mas h\u00e1 risco de cair. Como o terreno possui duas casas, os moradores foram orientados a ficar na casa da frente, pois n\u00e3o h\u00e1 risco de atingi-la. J\u00e1 na Rua Jo\u00e3o Luzia, no Tr\u00eas Moinhos, o barranco escorregou e descal\u00e7ou uma casa. O morador est\u00e1 abrigado na casa do vizinho e a estrutura da edifica\u00e7\u00e3o ser\u00e1 analisada, para ver se foi comprometida. Na Rua Professor Jo\u00e3o Corr\u00eaa Barbosa, no bairro Santa Terezinha, um fam\u00edlia foi para casa de parentes, devido ao transbordamento do c\u00f3rrego que invadiu a casa, dando um colapso na parede lateral da edifica\u00e7\u00e3o.<\/p>\n<p><strong>LIMPEZA<\/strong><\/p>\n<p>A Secretaria de Obras realizou limpeza, retirada de entulhos, conserto de eros\u00f5es e limpeza de bocas de lobo nos bairros Nossa Senhora Aparecida, Vitorino Braga, Vila Ideal, Bandeirantes, Ces\u00e1rio Alvim e Linhares. O Demlurb finalizou a limpeza do bairro Vitorino Braga e os trabalhos foram iniciados nos bairros Linhares, Bom Jardim e Tr\u00eas Moinhos. Em tr\u00eas dias de trabalho, foram retirados 170 caminh\u00f5es de lama e entulhos. A Cesama segue dando apoio ao Demlurb nas limpezas, al\u00e9m de estar verificando as eros\u00f5es de sua compet\u00eancia.<\/p>\n<p><strong>\u00d4NIBUS<\/strong><\/p>\n<p>Por conta das chuvas, dos estragos causados e dos trabalhos da Prefeitura para recuperar as vias, as linhas 208, 231, 232, 259, 429, 430 \u00e0 434, 551, 515, 519, 529, 533, 540, 710 e 749 tiveram suas rotas modificadas.<\/p>\n<p><strong>PJF PUBLICA DECRETO QUE FORTALECE A\u00c7\u00d5ES DA DEFESA CIVIL<\/strong><\/p>\n<p>Visando otimizar os trabalhos de Defesa Civil em Juiz de Fora durante o per\u00edodo chuvoso, ser\u00e1 publicado nesta sexta-feira, 28, o decreto n\u00ba 13503, que estabelece uma s\u00e9rie de diretrizes para subsidiar e orientar as a\u00e7\u00f5es no Munic\u00edpio, al\u00e9m de garantir apoio material e de recursos humanos \u00e0 subsecretaria de Defesa Civil, respons\u00e1vel por supervisionar todas as a\u00e7\u00f5es.<\/p>\n<p>O documento refor\u00e7a a necessidade da articula\u00e7\u00e3o de esfor\u00e7os e recursos de diversos \u00f3rg\u00e3os p\u00fablicos e das organiza\u00e7\u00f5es da sociedade civil para minimizar os transtornos causados pelas chuvas. Conforme o decreto, as unidades da PJF podem ser acionadas a qualquer momento pela Subsecretaria de Defesa Civil (SSDC). O documento ainda ressalta que as a\u00e7\u00f5es emergenciais ter\u00e3o prioridade sobre as outras de rotina.<\/p>\n<p>Em caso de necessidade de utiliza\u00e7\u00e3o de abrigos alternativos, o decreto tamb\u00e9m prev\u00ea a\u00e7\u00f5es. A SSDC ficar\u00e1 respons\u00e1vel pela abertura do local, a Secretaria de Desenvolvimento Social (SDS) pela administra\u00e7\u00e3o, a Guarda Municipal pela seguran\u00e7a do abrigo e a Secretaria de Obras (SO) pelo fechamento e reparo de eventuais danos. As secretarias de Meio Ambiente, Atividades Urbanas, al\u00e9m da Companhia de Saneamento Municipal (Cesama), o Departamento de Limpeza Urbana (Demlurb), SDS e SO tamb\u00e9m ter\u00e3o servidores \u00e0 disposi\u00e7\u00e3o da SSDC a fim de dar suporte aos atendimentos da Defesa Civil em caso de emerg\u00eancia ou ainda durante o per\u00edodo chuvoso.<\/p>\n<p><strong>DEFESA CIVIL MOBILIZA PARCERIAS PARA ARRECADAR DOA\u00c7\u00d5ES<\/strong><\/p>\n<p>O esfor\u00e7o e dedica\u00e7\u00e3o de volunt\u00e1rios \u00a0t\u00eam mostrado que a solidariedade faz a diferen\u00e7a na vida de quem precisa. Desde o in\u00edcio da semana, quando pancadas de chuvas atingiram a cidade, a Defesa Civil \u00a0tem se unido a diferentes parceiros para auxiliar as fam\u00edlias atingidas. Entre as a\u00e7\u00f5es, foi desenvolvida a campanha \u201cCorrente do Bem\u201d, para arrecadar doa\u00e7\u00f5es.<\/p>\n<p>Ao todo s\u00e3o 10 pontos de recolhimento. Os itens de maior urg\u00eancia s\u00e3o: roupas de banho e cama; materiais de higiene pessoal e limpeza; colch\u00f5es e colchonetes; eletrodom\u00e9sticos e m\u00f3veis. A campanha n\u00e3o receber\u00e1 mais roupas pessoais, pois j\u00e1 foi arrecadado o suficiente.<\/p>\n<p>Para o recolhimento de doa\u00e7\u00f5es de grande porte, foram disponibilizados dois caminh\u00f5es, sendo um deles da Prefeitura de Juiz de Fora (PJF) e outro cedido atrav\u00e9s de uma parceria com o Ex\u00e9rcito. Al\u00e9m disso, o trabalho de organiza\u00e7\u00e3o e separa\u00e7\u00e3o das doa\u00e7\u00f5es, est\u00e1 sendo realizado por 15 agentes volunt\u00e1rios, entre eles, os Bombeiros Civis. Cerca de 60 kits de produtos de limpeza e 50 cestas b\u00e1sicas j\u00e1 ser\u00e3o entregues nas \u00e1reas atingidas, para as fam\u00edlias que j\u00e1 foram atendidas pelas assistentes sociais.<\/p>\n<p>Os Bombeiros Civis volunt\u00e1rios, que hoje participam da campanha para ajudar as fam\u00edlias atingidas pelas chuvas, receberam, em novembro deste ano, o certificado de conclus\u00e3o do \u201cCurso B\u00e1sico de Agentes Volunt\u00e1rios de Prote\u00e7\u00e3o e Defesa Civil&#8221;. \u201cN\u00f3s nos voluntariamos para ajudar a Defesa Civil no que for preciso. Ser bombeiro significa mais que um fardamento, significa ajudar o pr\u00f3ximo\u201d, comentou o Bombeiro Civil, Ant\u00f4nio Roberto da Cunha.<\/p>\n<p>&nbsp;<\/p>\n<p>&nbsp;<\/p>\n","protected":false},"excerpt":{"rendered":"<p>A Defesa Civil da Prefeitura de Juiz de Fora (PJF) atendeu 26 chamados durante esta quinta-feira, 27. Deste total, 19 foram na regi\u00e3o Leste. Os principais chamados foram escorregamento de talude (seis), amea\u00e7a de escorregamento de talude (cinco) e trinca em parede (tr\u00eas). Na Rua Orlando Riani, no bairro Nossa Senhora Aparecida, um talude deslizou [&hellip;]<\/p>\n","protected":false},"author":96,"featured_media":129479,"comment_status":"closed","ping_status":"closed","sticky":false,"template":"","format":"standard","meta":{"footnotes":""},"categories":[253,436,440,439],"tags":[],"class_list":["post-129478","post","type-post","status-publish","format-standard","has-post-thumbnail","hentry","category-cidade","category-destaque-da-semana","category-destaques-do-dia","category-ultima-hora"],"_links":{"self":[{"href":"https:\/\/diarioregionaldigital.com.br\/index.php?rest_route=\/wp\/v2\/posts\/129478","targetHints":{"allow":["GET"]}}],"collection":[{"href":"https:\/\/diarioregionaldigital.com.br\/index.php?rest_route=\/wp\/v2\/posts"}],"about":[{"href":"https:\/\/diarioregionaldigital.com.br\/index.php?rest_route=\/wp\/v2\/types\/post"}],"author":[{"embeddable":true,"href":"https:\/\/diarioregionaldigital.com.br\/index.php?rest_route=\/wp\/v2\/users\/96"}],"replies":[{"embeddable":true,"href":"https:\/\/diarioregionaldigital.com.br\/index.php?rest_route=%2Fwp%2Fv2%2Fcomments&post=129478"}],"version-history":[{"count":0,"href":"https:\/\/diarioregionaldigital.com.br\/index.php?rest_route=\/wp\/v2\/posts\/129478\/revisions"}],"wp:featuredmedia":[{"embeddable":true,"href":"https:\/\/diarioregionaldigital.com.br\/index.php?rest_route=\/wp\/v2\/media\/129479"}],"wp:attachment":[{"href":"https:\/\/diarioregionaldigital.com.br\/index.php?rest_route=%2Fwp%2Fv2%2Fmedia&parent=129478"}],"wp:term":[{"taxonomy":"category","embeddable":true,"href":"https:\/\/diarioregionaldigital.com.br\/index.php?rest_route=%2Fwp%2Fv2%2Fcategories&post=129478"},{"taxonomy":"post_tag","embeddable":true,"href":"https:\/\/diarioregionaldigital.com.br\/index.php?rest_route=%2Fwp%2Fv2%2Ftags&post=129478"}],"curies":[{"name":"wp","href":"https:\/\/api.w.org\/{rel}","templated":true}]}}