{"id":129456,"date":"2018-12-27T15:47:50","date_gmt":"2018-12-27T17:47:50","guid":{"rendered":"https:\/\/diarioregionaldigital.com.br\/?p=129456"},"modified":"2018-12-27T15:47:50","modified_gmt":"2018-12-27T17:47:50","slug":"fluminense-apresenta-novo-tecnico","status":"publish","type":"post","link":"https:\/\/diarioregionaldigital.com.br\/?p=129456","title":{"rendered":"Fluminense apresenta novo t\u00e9cnico"},"content":{"rendered":"<p>O Fluminense, enfim, definiu seu t\u00e9cnico para 2019.\u00a0O clube anunciou no in\u00edcio da noite desta quarta-feira a contrata\u00e7\u00e3o de\u00a0Fernando Diniz. O acordo \u00e9 v\u00e1lido por uma temporada. Ex-jogador do Tricolor, ele retorna ao clube 16 depois, agora como treinador. Meia armador, Diniz atuou pelo Flu entre 2000 e 2003 e conqusitou o t\u00edtulo do Campeonato Carioca de 2002. Ele ser\u00e1 apresentado nesta quinta-feira \u00e0s 11h no CT.<\/p>\n<p>Como parte das mudan\u00e7as na comiss\u00e3o t\u00e9cnica,\u00a0Leo Percovich\u00a0deixa o comando da equipe sub-20 e se torna\u00a0auxiliar permanente, em virtude da sa\u00edda de F\u00e1bio Moreno, que comandou a equipe interinamente na \u00faltima rodada do Brasileir\u00e3o ap\u00f3s a demiss\u00e3o de Marcelo Oliveira.<\/p>\n<p>Trajet\u00f3ria como t\u00e9cnico<\/p>\n<p>Fernando Diniz despontou para o mundo do futebol como treinador pelo trabalho que levou o Audax ao vice-campeonato Paulista em 2016. Com um estilo de jogo baseada na posse de bola e na troca de passes, levou a pequena equipe \u00e0 final, sendo parado apenas pelo Santos. Antes, havia treinador Votoraty, Paulista, Botafogo-SP, Atl\u00e9tico Sorocaba, Guaratinguet\u00e1 e Paran\u00e1.<\/p>\n<p>Em 2018, Diniz assumiu o Atl\u00e9tico-PR como coordenador t\u00e9cnico geral e treinador da equipe principal. N\u00e3o chegou a treinar a equipe que conquistou o campeonato paranaense, pois o Furac\u00e3o disputou o torneio com o time de Aspirantes comandado por Tiago Nunes.<\/p>\n<p>&nbsp;<\/p>\n","protected":false},"excerpt":{"rendered":"<p>O Fluminense, enfim, definiu seu t\u00e9cnico para 2019.\u00a0O clube anunciou no in\u00edcio da noite desta quarta-feira a contrata\u00e7\u00e3o de\u00a0Fernando Diniz. O acordo \u00e9 v\u00e1lido por uma temporada. Ex-jogador do Tricolor, ele retorna ao clube 16 depois, agora como treinador. Meia armador, Diniz atuou pelo Flu entre 2000 e 2003 e conqusitou o t\u00edtulo do Campeonato [&hellip;]<\/p>\n","protected":false},"author":96,"featured_media":129457,"comment_status":"closed","ping_status":"closed","sticky":false,"template":"","format":"standard","meta":{"footnotes":""},"categories":[257,439],"tags":[],"class_list":["post-129456","post","type-post","status-publish","format-standard","has-post-thumbnail","hentry","category-esporte","category-ultima-hora"],"_links":{"self":[{"href":"https:\/\/diarioregionaldigital.com.br\/index.php?rest_route=\/wp\/v2\/posts\/129456","targetHints":{"allow":["GET"]}}],"collection":[{"href":"https:\/\/diarioregionaldigital.com.br\/index.php?rest_route=\/wp\/v2\/posts"}],"about":[{"href":"https:\/\/diarioregionaldigital.com.br\/index.php?rest_route=\/wp\/v2\/types\/post"}],"author":[{"embeddable":true,"href":"https:\/\/diarioregionaldigital.com.br\/index.php?rest_route=\/wp\/v2\/users\/96"}],"replies":[{"embeddable":true,"href":"https:\/\/diarioregionaldigital.com.br\/index.php?rest_route=%2Fwp%2Fv2%2Fcomments&post=129456"}],"version-history":[{"count":0,"href":"https:\/\/diarioregionaldigital.com.br\/index.php?rest_route=\/wp\/v2\/posts\/129456\/revisions"}],"wp:featuredmedia":[{"embeddable":true,"href":"https:\/\/diarioregionaldigital.com.br\/index.php?rest_route=\/wp\/v2\/media\/129457"}],"wp:attachment":[{"href":"https:\/\/diarioregionaldigital.com.br\/index.php?rest_route=%2Fwp%2Fv2%2Fmedia&parent=129456"}],"wp:term":[{"taxonomy":"category","embeddable":true,"href":"https:\/\/diarioregionaldigital.com.br\/index.php?rest_route=%2Fwp%2Fv2%2Fcategories&post=129456"},{"taxonomy":"post_tag","embeddable":true,"href":"https:\/\/diarioregionaldigital.com.br\/index.php?rest_route=%2Fwp%2Fv2%2Ftags&post=129456"}],"curies":[{"name":"wp","href":"https:\/\/api.w.org\/{rel}","templated":true}]}}