{"id":129453,"date":"2018-12-27T15:46:13","date_gmt":"2018-12-27T17:46:13","guid":{"rendered":"https:\/\/diarioregionaldigital.com.br\/?p=129453"},"modified":"2018-12-27T15:46:13","modified_gmt":"2018-12-27T17:46:13","slug":"vasco-define-atibaia-como-local-da-pre-temporada-para-2019","status":"publish","type":"post","link":"https:\/\/diarioregionaldigital.com.br\/?p=129453","title":{"rendered":"Vasco define Atibaia como local da pr\u00e9-temporada para 2019"},"content":{"rendered":"<p>O Vasco confirmou nesta quarta-feira que vai realizar sua pr\u00e9-temporada na cidade de Atibaia, no interior paulista. O elenco cruzmaltino viaja no dia 7 de janeiro e permanecer\u00e1 at\u00e9 o dia 17, quando volta ao Rio de Janeiro para a estreia no Campeonato Carioca, no dia 20, contra o Madureira.<\/p>\n<p>O elenco vasca\u00edno se reapresenta no dia 3 de janeiro no CT do Almirante, onde vai realizar os primeiros testes da temporada. O t\u00e9cnico Alberto Valentim ter\u00e1 a oportunidade de iniciar o ano no comando da equipe, j\u00e1 que chegou ao clube no meio de 2018.<\/p>\n<p>No per\u00edodo que estiver em Atibaia, os dirigentes esperam finalizar as obras no CT do Almirante, que ser\u00e1 utilizado pelos jogadores em 2019.<\/p>\n<p>Para 2019, o Vasco j\u00e1 confirmou quatro refor\u00e7os: o meia Bruno C\u00e9sar, os laterais Cl\u00e1udio Winck e C\u00e1ceres, al\u00e9m do atacante Ribamar. Os dirigentes ainda buscam mais nomes para o pr\u00f3ximo ano, com lateral Danilo Barcelos e o volante Johnny Lucas como os mais pr\u00f3ximos de um acerto.<\/p>\n<p><strong>Fonte: Vasco da Gama<\/strong><\/p>\n","protected":false},"excerpt":{"rendered":"<p>O Vasco confirmou nesta quarta-feira que vai realizar sua pr\u00e9-temporada na cidade de Atibaia, no interior paulista. O elenco cruzmaltino viaja no dia 7 de janeiro e permanecer\u00e1 at\u00e9 o dia 17, quando volta ao Rio de Janeiro para a estreia no Campeonato Carioca, no dia 20, contra o Madureira. O elenco vasca\u00edno se reapresenta [&hellip;]<\/p>\n","protected":false},"author":96,"featured_media":129454,"comment_status":"closed","ping_status":"closed","sticky":false,"template":"","format":"standard","meta":{"footnotes":""},"categories":[257,439],"tags":[],"class_list":["post-129453","post","type-post","status-publish","format-standard","has-post-thumbnail","hentry","category-esporte","category-ultima-hora"],"_links":{"self":[{"href":"https:\/\/diarioregionaldigital.com.br\/index.php?rest_route=\/wp\/v2\/posts\/129453","targetHints":{"allow":["GET"]}}],"collection":[{"href":"https:\/\/diarioregionaldigital.com.br\/index.php?rest_route=\/wp\/v2\/posts"}],"about":[{"href":"https:\/\/diarioregionaldigital.com.br\/index.php?rest_route=\/wp\/v2\/types\/post"}],"author":[{"embeddable":true,"href":"https:\/\/diarioregionaldigital.com.br\/index.php?rest_route=\/wp\/v2\/users\/96"}],"replies":[{"embeddable":true,"href":"https:\/\/diarioregionaldigital.com.br\/index.php?rest_route=%2Fwp%2Fv2%2Fcomments&post=129453"}],"version-history":[{"count":0,"href":"https:\/\/diarioregionaldigital.com.br\/index.php?rest_route=\/wp\/v2\/posts\/129453\/revisions"}],"wp:featuredmedia":[{"embeddable":true,"href":"https:\/\/diarioregionaldigital.com.br\/index.php?rest_route=\/wp\/v2\/media\/129454"}],"wp:attachment":[{"href":"https:\/\/diarioregionaldigital.com.br\/index.php?rest_route=%2Fwp%2Fv2%2Fmedia&parent=129453"}],"wp:term":[{"taxonomy":"category","embeddable":true,"href":"https:\/\/diarioregionaldigital.com.br\/index.php?rest_route=%2Fwp%2Fv2%2Fcategories&post=129453"},{"taxonomy":"post_tag","embeddable":true,"href":"https:\/\/diarioregionaldigital.com.br\/index.php?rest_route=%2Fwp%2Fv2%2Ftags&post=129453"}],"curies":[{"name":"wp","href":"https:\/\/api.w.org\/{rel}","templated":true}]}}