{"id":129447,"date":"2018-12-27T15:41:44","date_gmt":"2018-12-27T17:41:44","guid":{"rendered":"https:\/\/diarioregionaldigital.com.br\/?p=129447"},"modified":"2018-12-27T15:41:44","modified_gmt":"2018-12-27T17:41:44","slug":"zagueiro-sidimar-se-desliga-do-tupi","status":"publish","type":"post","link":"https:\/\/diarioregionaldigital.com.br\/?p=129447","title":{"rendered":"Zagueiro Sidimar se desliga do Tupi"},"content":{"rendered":"<p>Nem come\u00e7ou a temporada 2019 e o Tupi j\u00e1 uma baixa. O zagueiro Sidimar se desligou do clube. O jogador usou sua conta pessoal nas redes sociais para comunicar o desligamento.<\/p>\n<p>A sa\u00edda do atleta aconteceu sete dias depois da apresenta\u00e7\u00e3o ao Carij\u00f3. Ap\u00f3s sa\u00edda do Athletic de S\u00e3o Jo\u00e3o del-Rei, o zagueiro havia acertado o retorno ao Tupi, por\u00e9m poderia sair caso houvesse uma proposta maior.<\/p>\n<p>O zagueiro tem valores a serem quitados da temporada 2018 e esperava receb\u00ea-los antes de seguir no clube para o Campeonato Mineiro. Ele era aguardado em Juiz de Fora inicialmente no dia 10, mas alegando quest\u00f5es pessoais, s\u00f3 desembarcou na cidade na noite de quarta-feira, dia 19. \u00a0 Nesta quarta, 26,\u00a0o zagueiro anunciou que chegou a um acordo com o Juventude.<\/p>\n<p>Sidimar deu prazo ao Tupi para quitar os compromissos vencidos, cujos valores n\u00e3o foram revelados.<\/p>\n<p>Por meio da assessoria de imprensa,\u00a0o Tupi comunicou que a informa\u00e7\u00e3o n\u00e3o procede e que foi feito acerto com o atleta, que foi embora por ter recebido outra proposta. Ele deve se apresentar no Est\u00e1dio Alfredo Jaconi no dia 2 de janeiro.<\/p>\n","protected":false},"excerpt":{"rendered":"<p>Nem come\u00e7ou a temporada 2019 e o Tupi j\u00e1 uma baixa. O zagueiro Sidimar se desligou do clube. O jogador usou sua conta pessoal nas redes sociais para comunicar o desligamento. A sa\u00edda do atleta aconteceu sete dias depois da apresenta\u00e7\u00e3o ao Carij\u00f3. Ap\u00f3s sa\u00edda do Athletic de S\u00e3o Jo\u00e3o del-Rei, o zagueiro havia acertado [&hellip;]<\/p>\n","protected":false},"author":96,"featured_media":129448,"comment_status":"closed","ping_status":"closed","sticky":false,"template":"","format":"standard","meta":{"footnotes":""},"categories":[257,439],"tags":[],"class_list":["post-129447","post","type-post","status-publish","format-standard","has-post-thumbnail","hentry","category-esporte","category-ultima-hora"],"_links":{"self":[{"href":"https:\/\/diarioregionaldigital.com.br\/index.php?rest_route=\/wp\/v2\/posts\/129447","targetHints":{"allow":["GET"]}}],"collection":[{"href":"https:\/\/diarioregionaldigital.com.br\/index.php?rest_route=\/wp\/v2\/posts"}],"about":[{"href":"https:\/\/diarioregionaldigital.com.br\/index.php?rest_route=\/wp\/v2\/types\/post"}],"author":[{"embeddable":true,"href":"https:\/\/diarioregionaldigital.com.br\/index.php?rest_route=\/wp\/v2\/users\/96"}],"replies":[{"embeddable":true,"href":"https:\/\/diarioregionaldigital.com.br\/index.php?rest_route=%2Fwp%2Fv2%2Fcomments&post=129447"}],"version-history":[{"count":0,"href":"https:\/\/diarioregionaldigital.com.br\/index.php?rest_route=\/wp\/v2\/posts\/129447\/revisions"}],"wp:featuredmedia":[{"embeddable":true,"href":"https:\/\/diarioregionaldigital.com.br\/index.php?rest_route=\/wp\/v2\/media\/129448"}],"wp:attachment":[{"href":"https:\/\/diarioregionaldigital.com.br\/index.php?rest_route=%2Fwp%2Fv2%2Fmedia&parent=129447"}],"wp:term":[{"taxonomy":"category","embeddable":true,"href":"https:\/\/diarioregionaldigital.com.br\/index.php?rest_route=%2Fwp%2Fv2%2Fcategories&post=129447"},{"taxonomy":"post_tag","embeddable":true,"href":"https:\/\/diarioregionaldigital.com.br\/index.php?rest_route=%2Fwp%2Fv2%2Ftags&post=129447"}],"curies":[{"name":"wp","href":"https:\/\/api.w.org\/{rel}","templated":true}]}}