{"id":129439,"date":"2018-12-27T14:50:55","date_gmt":"2018-12-27T16:50:55","guid":{"rendered":"https:\/\/diarioregionaldigital.com.br\/?p=129439"},"modified":"2018-12-27T14:50:55","modified_gmt":"2018-12-27T16:50:55","slug":"com-r-13-bilhao-ainda-disponiveis-saque-do-abono-salarial-2016-termina-nesta-sexta","status":"publish","type":"post","link":"https:\/\/diarioregionaldigital.com.br\/?p=129439","title":{"rendered":"Com R$ 1,3 bilh\u00e3o ainda dispon\u00edveis, saque do Abono Salarial 2016 termina nesta sexta"},"content":{"rendered":"<p>Termina nesta sexta-feira, 28, o prazo para o saque do Abono Salarial ano-base 2016. At\u00e9 o \u00faltimo balan\u00e7o, de 30 de novembro, ainda havia R$ 1,3 bilh\u00e3o dispon\u00edvel para 1,8 milh\u00e3o de trabalhadores, o equivalente a 7,46% do total de pessoas com direito ao recurso (veja tabela abaixo). Inicialmente, o prazo limite era 29 de junho, mas a prorroga\u00e7\u00e3o foi autorizada em 11 de julho por resolu\u00e7\u00e3o do Conselho Deliberativo do Fundo de Amparo ao Trabalhador (Codefat).<\/p>\n<p>At\u00e9 a \u00faltima atualiza\u00e7\u00e3o, j\u00e1 haviam sido pagos R$ 16,7 bilh\u00f5es para 22,7 mil trabalhadores. A regi\u00e3o com maior percentual de benefici\u00e1rios a receber o Abono 2016 \u00e9 a Centro-Oeste, onde 11,63% das pessoas com direito ao recurso ainda n\u00e3o foram sacar o valor a que t\u00eam direito.<\/p>\n<p>O estado com mais trabalhadores que ainda n\u00e3o retiraram o dinheiro \u00e9 S\u00e3o Paulo. S\u00e3o 410,5 mil pessoas, ou 6,95% do total de benefici\u00e1rios. O valor ainda dispon\u00edvel para esses trabalhadores \u00e9 de mais de R$ 297 milh\u00f5es.<\/p>\n<p>O Distrito Federal \u00e9 a unidade da federa\u00e7\u00e3o com maior n\u00famero proporcional de benefici\u00e1rios com direito ao saque que ainda n\u00e3o retiraram o valor. Na capital federal, 29,33% est\u00e3o nessa situa\u00e7\u00e3o. S\u00e3o 148,5 mil trabalhadores com R$ 110 milh\u00f5es para retirar.<\/p>\n<p>Direito &#8211; Tem direito ao Abono Salarial ano-base 2016 quem estava inscrito no PIS\/Pasep h\u00e1 pelo menos cinco anos, trabalhou formalmente por pelo menos 30 dias em 2016 com remunera\u00e7\u00e3o mensal m\u00e9dia de at\u00e9 dois sal\u00e1rios m\u00ednimos e teve seus dados informados corretamente pelo empregador na Rela\u00e7\u00e3o Anual de Informa\u00e7\u00f5es Sociais (Rais).<\/p>\n<p>A quantia a que cada trabalhador tem direito depende do tempo em que ele trabalhou formalmente em 2016. Quem esteve empregado o ano todo recebe o valor cheio, que equivale a um sal\u00e1rio m\u00ednimo (R$ 954). Quem trabalhou por apenas 30 dias recebe o valor m\u00ednimo, que \u00e9 de 1\/12, e assim sucessivamente.<\/p>\n<p>Trabalhadores da iniciativa privada devem procurar a Caixa Econ\u00f4mica Federal. A consulta pode ser feita pessoalmente, pela internet ou pelo telefone 0800-726 02 07. Para servidores p\u00fablicos, a refer\u00eancia \u00e9 o Banco do Brasil, que tamb\u00e9m fornece informa\u00e7\u00f5es pessoalmente, pela internet ou pelo telefone 0800-729 00 01.<\/p>\n<p><img loading=\"lazy\" decoding=\"async\" class=\"\" src=\"http:\/\/trabalho.gov.br\/images\/Imagens\/Noticias\/DEZ-2018\/abono-2016.JPG\" width=\"543\" height=\"565\" \/><\/p>\n<p>Fonte: Minist\u00e9rio do Trabalho<\/p>\n","protected":false},"excerpt":{"rendered":"<p>Termina nesta sexta-feira, 28, o prazo para o saque do Abono Salarial ano-base 2016. At\u00e9 o \u00faltimo balan\u00e7o, de 30 de novembro, ainda havia R$ 1,3 bilh\u00e3o dispon\u00edvel para 1,8 milh\u00e3o de trabalhadores, o equivalente a 7,46% do total de pessoas com direito ao recurso (veja tabela abaixo). Inicialmente, o prazo limite era 29 de [&hellip;]<\/p>\n","protected":false},"author":96,"featured_media":129440,"comment_status":"closed","ping_status":"closed","sticky":false,"template":"","format":"standard","meta":{"footnotes":""},"categories":[436,261,439],"tags":[],"class_list":["post-129439","post","type-post","status-publish","format-standard","has-post-thumbnail","hentry","category-destaque-da-semana","category-economia","category-ultima-hora"],"_links":{"self":[{"href":"https:\/\/diarioregionaldigital.com.br\/index.php?rest_route=\/wp\/v2\/posts\/129439","targetHints":{"allow":["GET"]}}],"collection":[{"href":"https:\/\/diarioregionaldigital.com.br\/index.php?rest_route=\/wp\/v2\/posts"}],"about":[{"href":"https:\/\/diarioregionaldigital.com.br\/index.php?rest_route=\/wp\/v2\/types\/post"}],"author":[{"embeddable":true,"href":"https:\/\/diarioregionaldigital.com.br\/index.php?rest_route=\/wp\/v2\/users\/96"}],"replies":[{"embeddable":true,"href":"https:\/\/diarioregionaldigital.com.br\/index.php?rest_route=%2Fwp%2Fv2%2Fcomments&post=129439"}],"version-history":[{"count":0,"href":"https:\/\/diarioregionaldigital.com.br\/index.php?rest_route=\/wp\/v2\/posts\/129439\/revisions"}],"wp:featuredmedia":[{"embeddable":true,"href":"https:\/\/diarioregionaldigital.com.br\/index.php?rest_route=\/wp\/v2\/media\/129440"}],"wp:attachment":[{"href":"https:\/\/diarioregionaldigital.com.br\/index.php?rest_route=%2Fwp%2Fv2%2Fmedia&parent=129439"}],"wp:term":[{"taxonomy":"category","embeddable":true,"href":"https:\/\/diarioregionaldigital.com.br\/index.php?rest_route=%2Fwp%2Fv2%2Fcategories&post=129439"},{"taxonomy":"post_tag","embeddable":true,"href":"https:\/\/diarioregionaldigital.com.br\/index.php?rest_route=%2Fwp%2Fv2%2Ftags&post=129439"}],"curies":[{"name":"wp","href":"https:\/\/api.w.org\/{rel}","templated":true}]}}