{"id":129431,"date":"2018-12-30T06:00:32","date_gmt":"2018-12-30T08:00:32","guid":{"rendered":"https:\/\/diarioregionaldigital.com.br\/?p=129431"},"modified":"2018-12-27T14:22:39","modified_gmt":"2018-12-27T16:22:39","slug":"aumente-a-sua-inteligencia","status":"publish","type":"post","link":"https:\/\/diarioregionaldigital.com.br\/?p=129431","title":{"rendered":"AUMENTE A SUA INTELIG\u00caNCIA"},"content":{"rendered":"<p>Os hemisf\u00e9rios esquerdo e direito de nosso c\u00e9rebro t\u00eam propriedades diferentes. O segredo do sucesso \u00e9 balancear os dois.<\/p>\n<p>Como a nossa educa\u00e7\u00e3o valoriza o hemisf\u00e9rio esquerdo, o direito se inibe. Pode-se dizer que ele vai definhando pela falta de uso. Para reverter essa atrofia e obter um balanceamento, vamos nos concentrar na expans\u00e3o do hemisf\u00e9rio direito, que \u00e9 a porta de entrada para o inconsciente.<\/p>\n<p>Quando as pessoas come\u00e7am a desenvolver o hemisf\u00e9rio direito do c\u00e9rebro, costumam dizer coisas como: \u201cEu pensava que era inteligente, agora vejo o quanto tinha para melhorar\u201d. O que ocorre \u00e9 uma mudan\u00e7a na refer\u00eancia que essas pessoas tinham.<\/p>\n<p>Uma fonte de id\u00e9ias<\/p>\n<p>As grandes id\u00e9ias v\u00eam todas do hemisf\u00e9rio direito do c\u00e9rebro. E, para o hemisf\u00e9rio direito trabalhar, voc\u00ea tem de estar relaxado.<\/p>\n<p>Sabe como Albert Einstein descobriu a teoria da relatividade? Deitado numa rede, no fundo do quintal de sua casa, imaginando que viajava num raio de luz.<\/p>\n<p>E sabe como Arquimedes descobriu o princ\u00edpio que leva o seu nome? O rei ganhara de um vizinho uma coroa de ouro e Arquimedes, s\u00e1bio da corte e reconhecido matem\u00e1tico, foi chamado para descobrir, sem destruir a coroa, se ela era mesmo de ouro ou se tinha prata misturada. Ele disse que isso era imposs\u00edvel. E o rei disse que, imposs\u00edvel ou n\u00e3o, ele tinha cinco dias para resolver o problema. Se n\u00e3o conseguisse, seria decapitado ao final do quinto dia. (Boa motiva\u00e7\u00e3o, n\u00e3o?)<\/p>\n<p>Arquimedes foi para casa, ba\u00adtalhou, batalhou, at\u00e9 que desistiu de resolver o problema e foi tomar um banho. Estava na banheira, quando, de repente, encontrou a solu\u00e7\u00e3o para o problema do rei. Foi ent\u00e3o que ele saiu nu pela rua gritando: Eureca! Eureca! Eureca! (achei, em grego). Ou seja, ao tomar banho, relaxado, ele teve a id\u00e9ia de que a densidade da prata era diferente da densidade do ouro e, em conseq\u00fc\u00eancia, iam afundar na \u00e1gua em tempos diferentes. Fazendo, ent\u00e3o, uma nova coroa de ouro, para n\u00e3o destruir a original, e uma similar de prata, e submetendo-as a sucessivas avalia\u00e7\u00f5es dentro da \u00e1gua, ele descobriu o que ficou conhecido como o princ\u00edpio de Arquimedes, gra\u00e7as ao qual as navega\u00e7\u00f5es, naquela \u00e9po\u00adca, se tornaram pos\u00ads\u00ed\u00adveis.<\/p>\n<p>Veja s\u00f3! Arqui\u00admedes, dei\u00adta\u00addo na banheira, e Eins\u00adtein, deitado na rede.<\/p>\n<p>Quem iria imaginar que grandes id\u00e9ias, que impulsionaram a civiliza\u00e7\u00e3o para frente, nasceram de momentos de reflex\u00e3o do hemisf\u00e9rio direito do c\u00e9re\u00adbro? Por isso \u00e9 importante aprender a trabalhar com o hemisf\u00e9rio direito, que tamb\u00e9m est\u00e1 ligado ao nosso sistema emocional.<\/p>\n<p>Ou seja: quanto mais voc\u00ea utiliza seu hemisf\u00e9rio direito, mais voc\u00ea modifica a sua percep\u00e7\u00e3o. E, \u00e0 medida que voc\u00ea modifica a sua percep\u00e7\u00e3o, mais voc\u00ea modifica a sua realidade. \u2014 Percep\u00e7\u00e3o \u00e9 realidade; tudo o mais \u00e9 ilus\u00e3o.<\/p>\n","protected":false},"excerpt":{"rendered":"<p>Os hemisf\u00e9rios esquerdo e direito de nosso c\u00e9rebro t\u00eam propriedades diferentes. O segredo do sucesso \u00e9 balancear os dois. Como a nossa educa\u00e7\u00e3o valoriza o hemisf\u00e9rio esquerdo, o direito se inibe. Pode-se dizer que ele vai definhando pela falta de uso. Para reverter essa atrofia e obter um balanceamento, vamos nos concentrar na expans\u00e3o do [&hellip;]<\/p>\n","protected":false},"author":96,"featured_media":96755,"comment_status":"closed","ping_status":"closed","sticky":false,"template":"","format":"standard","meta":{"footnotes":""},"categories":[435,274],"tags":[],"class_list":["post-129431","post","type-post","status-publish","format-standard","has-post-thumbnail","hentry","category-colunas","category-dr-lair-ribeiro"],"_links":{"self":[{"href":"https:\/\/diarioregionaldigital.com.br\/index.php?rest_route=\/wp\/v2\/posts\/129431","targetHints":{"allow":["GET"]}}],"collection":[{"href":"https:\/\/diarioregionaldigital.com.br\/index.php?rest_route=\/wp\/v2\/posts"}],"about":[{"href":"https:\/\/diarioregionaldigital.com.br\/index.php?rest_route=\/wp\/v2\/types\/post"}],"author":[{"embeddable":true,"href":"https:\/\/diarioregionaldigital.com.br\/index.php?rest_route=\/wp\/v2\/users\/96"}],"replies":[{"embeddable":true,"href":"https:\/\/diarioregionaldigital.com.br\/index.php?rest_route=%2Fwp%2Fv2%2Fcomments&post=129431"}],"version-history":[{"count":0,"href":"https:\/\/diarioregionaldigital.com.br\/index.php?rest_route=\/wp\/v2\/posts\/129431\/revisions"}],"wp:featuredmedia":[{"embeddable":true,"href":"https:\/\/diarioregionaldigital.com.br\/index.php?rest_route=\/wp\/v2\/media\/96755"}],"wp:attachment":[{"href":"https:\/\/diarioregionaldigital.com.br\/index.php?rest_route=%2Fwp%2Fv2%2Fmedia&parent=129431"}],"wp:term":[{"taxonomy":"category","embeddable":true,"href":"https:\/\/diarioregionaldigital.com.br\/index.php?rest_route=%2Fwp%2Fv2%2Fcategories&post=129431"},{"taxonomy":"post_tag","embeddable":true,"href":"https:\/\/diarioregionaldigital.com.br\/index.php?rest_route=%2Fwp%2Fv2%2Ftags&post=129431"}],"curies":[{"name":"wp","href":"https:\/\/api.w.org\/{rel}","templated":true}]}}