{"id":129420,"date":"2018-12-30T06:00:44","date_gmt":"2018-12-30T08:00:44","guid":{"rendered":"https:\/\/diarioregionaldigital.com.br\/?p=129420"},"modified":"2018-12-27T12:26:41","modified_gmt":"2018-12-27T14:26:41","slug":"confira-as-dicas-para-programar-viagens-incriveis-a-resorts-e-fazendas-de-todo-pais","status":"publish","type":"post","link":"https:\/\/diarioregionaldigital.com.br\/?p=129420","title":{"rendered":"Confira as dicas para programar viagens incr\u00edveis a resorts e fazendas de todo pa\u00eds"},"content":{"rendered":"<p>Passou o Natal, com suas ceias, presentes, confraterniza\u00e7\u00f5es e reflex\u00f5es; e chegou o ano novo, com as promessas \u00f3bvias; umas ser\u00e3o cumpridas, a maioria com certeza, n\u00e3o; por\u00e9m isso tamb\u00e9m faz parte dos nossos anseios por um ano melhor.<\/p>\n<p>Como diz Carlos Drummond de Andrade, num trecho de seu poema Cortar o Tempo: \u201cA\u00ed entra o milagre da renova\u00e7\u00e3o e tudo come\u00e7a outra vez, com outro n\u00famero e outra vontade de acreditar que daqui pra diante vai ser diferente\u201d. Sem complicar muito que queremos na realidade s\u00e3o momentos repletos de realiza\u00e7\u00f5es, sa\u00fade e paz; renovar as energias e as esperan\u00e7as.<\/p>\n<p>E para que essa renova\u00e7\u00e3o aconte\u00e7a, depois de pularmos as sete ondas, mesmo que seja em sentido figurado o melhor mesmo \u00e9 continuarmos falando de f\u00e9rias, por que tem tudo a ver com sol, ver\u00e3o, sombra, \u00e1gua fresca e mar; claro tem gente que n\u00e3o gosta de praia por causa da areia, mas n\u00e3o tem problema, vou apresentar alguns resorts de praia, voc\u00ea nem precisa pisar na areia, porque t\u00eam piscinas maravilhosas, algumas com bordas infinitas, outras particulares, mais rom\u00e2nticas, tem para todas as situa\u00e7\u00f5es:<\/p>\n<p><strong>COST\u00c3O DO SANTINHO<\/strong> em Santa Catarina &#8211; Um dos melhores e mais completos resort da Regi\u00e3o sul tem, al\u00e9m de tudo, localiza\u00e7\u00e3o privilegiada. Fica em um terreno de 1 milh\u00e3o de metros quadrados em meio a Mata Atl\u00e2ntica, no canto direito da Praia do Santinho, rodeado de dunas, cost\u00f5es, trilhas e at\u00e9 um s\u00edtio arqueol\u00f3gico. Ao todo s\u00e3o 695 quartos, cinco restaurantes e dez piscinas. Pela manh\u00e3, a equipe de recrea\u00e7\u00e3o distribui um livrinho com as atividades programadas para o dia. A lista pode incluir passeio de caiaque, aula de escalada ou ainda uma partida de futebol ou de golfe. Para atender beb\u00eas de at\u00e9 seis meses, foi criado o programa Cost\u00e3o Baby, com aulas de nata\u00e7\u00e3o e, piscina aquecida, passeios de carrinho, piquenique ao ar livre, cantoria e at\u00e9 sess\u00f5es de massagem shantala. Enquanto a molecada se distrai em alto estilo, os pais podem relaxar no Cost\u00e3o Spa, que tem tamb\u00e9m aulas de ioga e pilates. O sistema \u00e9 de pens\u00e3o completa. \u00c9 para descansar mesmo.<\/p>\n<div id=\"attachment_129422\" style=\"width: 1034px\" class=\"wp-caption aligncenter\"><img loading=\"lazy\" decoding=\"async\" aria-describedby=\"caption-attachment-129422\" class=\"wp-image-129422 size-large\" src=\"https:\/\/diarioregionaldigital.com.br\/wp-content\/uploads\/2018\/12\/foto-02-7-1024x597.jpg\" alt=\"\" width=\"1024\" height=\"597\" \/><p id=\"caption-attachment-129422\" class=\"wp-caption-text\">No resorts Vila Gal\u00e9 Cumbuco \u00e9 poss\u00edvel curtir a piscina interior, al\u00e9m da sauna, o banho turco, ou as diversas op\u00e7\u00f5es de massagem &#8211; Foto: Divulga\u00e7\u00e3o<\/p><\/div>\n<p><strong>VILA GAL\u00c9 CUMBUCO<\/strong> \u2013 A diversidade das instala\u00e7\u00f5es dedicadas ao lazer, com direito a Kids Club, \u00e9 um dos pontos altos do resort, inaugurado em 2010. S\u00f3 a piscina ocupa uma \u00e1rea gigante de 2200 metros quadrados. Al\u00e9m de contar com esse grande trunfo, o Vila Gal\u00e9 tamb\u00e9m investiu em 465 quartos super confort\u00e1veis de decora\u00e7\u00e3o bem moderna.\u00a0 A 33 quil\u00f4metros do Centro de Fortaleza, a praia tem marolas perfeitas para inicia\u00e7\u00e3o em diferentes esportes n\u00e1uticos. A localiza\u00e7\u00e3o tamb\u00e9m \u00e9 impec\u00e1vel : o resort fica sobre as dunas da Costa dos Ventos, pertinho da charmosa Vila de Cumbuco; ah o mais importante o sistema \u00e9 \u201cAll Inclusive\u201d, n\u00e3o \u00e9 demais?<\/p>\n<p>Se voc\u00ea n\u00e3o quiser se preocupar com os atrasos normais de v\u00f4o dessa \u00e9poca, pegue o carro ou alugue um e v\u00e1 para Angra dos Reis ou B\u00fazios, n\u00e3o vai se arrepender:<\/p>\n<p><strong>PORTOBELLO RESORT E SAFARI<\/strong> \u2013 imagine seus filhos em meio a macacos, emas, b\u00fafalos, zebras, pav\u00f5es e dromed\u00e1rios. Agora transporte esse saf\u00e1ri imagin\u00e1rio para perto de uma praia no litoral fluminense. Pronto. O Portobello \u00e9 assim. Localizado em uma \u00e1rea de Mata Atl\u00e2ntica em Mangaratiba, o hotel-zool\u00f3gico se abre para uma praia de areias muito brancas, mar bastante calmo e piscinas naturais. Trilhas \u2013 para fazer a p\u00e9 ou a cavalo \u2013 levam at\u00e9 cachoeiras. Nos dias de chuva (nada \u00e9 perfeito), cinema e espa\u00e7o para massagem servem para manter os h\u00f3spedes entretidos. S\u00e3o 152 quartos (entre padr\u00e3o e su\u00edte m\u00e1ster) com vista para o mar, e alguns deles contam com sa\u00edda direto para a praia. O caminho \u00e9 pela BR-101 em dire\u00e7\u00e3o a Angra, com meia-pens\u00e3o e crian\u00e7as de 06 anos n\u00e3o pagam.<\/p>\n<p><strong>VILA GAL\u00c9 ECO RESORT ANGRA<\/strong> \u2013 a rede Vila Gal\u00e9 j\u00e1 \u00e9 reconhecida no Brasil, portanto, j\u00e1 sabemos bem o que encontrar; conforto, funcion\u00e1rios atenciosos e sempre uma paisagem de tirar o f\u00f4lego. Rodeado por uma paisagem paradis\u00edaca, o Vila Gal\u00e9 Eco Resort de Angra tem localiza\u00e7\u00e3o privilegiada entre a exuberante Mata Atl\u00e2ntica e o mar de \u00e1guas calmas e cristalinas de Angra dos Reis. O hotel com 319 quartos est\u00e1 localizado a 13 km do centro da cidade, 150 km do Rio de Janeiro e 385 Km de S\u00e3o Paulo, junto a Ba\u00eda da Ilha Grande. \u00c9 mesmo uma del\u00edcia de lugar.<\/p>\n<div id=\"attachment_129423\" style=\"width: 810px\" class=\"wp-caption aligncenter\"><img loading=\"lazy\" decoding=\"async\" aria-describedby=\"caption-attachment-129423\" class=\"wp-image-129423 size-full\" src=\"https:\/\/diarioregionaldigital.com.br\/wp-content\/uploads\/2018\/12\/foto-03-5.jpg\" alt=\"\" width=\"800\" height=\"533\" \/><p id=\"caption-attachment-129423\" class=\"wp-caption-text\">O Beach B\u00fazios Resort \u00e9 um resort muito moderno e animado. Ele tem uma sinuosa piscina externa &#8211; Foto: Divulga\u00e7\u00e3o<\/p><\/div>\n<p><strong>BEACH B\u00daZIOS RESORT\u2013<\/strong> um dos maiores e mais completos resorts do Rio de Janeiro. S\u00e3o 15 op\u00e7\u00f5es de atividades de lazer, incluindo 4,6 mil m2 de espelho d\u2019agua de piscina e uma praia deslumbrante. Voc\u00ea encontra tudo que precisa para realizar o seu sonho. Os 335 amplos e confort\u00e1veis apartamentos t\u00eam decora\u00e7\u00e3o clean, vista para a piscina, jardins ou para o mar; existe ainda uma \u00e1rea reservada \u00e0 beira-mar com exclusivos bangal\u00f4s com vista panor\u00e2mica, jacuzzi na varanda privativa com borda infinita. Uma grande variedade de op\u00e7\u00f5es gastron\u00f4micas para deixar qualquer h\u00f3spede com \u00e1gua na boca: restaurantes italiano, japon\u00eas e contempor\u00e2neo, al\u00e9m de um lounge bar na piscina, bar molhado e lobby bar. Onde quer que vc esteja, vai adorar. Um convite a curtir a vida com estilo.<\/p>\n<p>Para quem n\u00e3o gosta de praia, temos divers\u00e3o da ro\u00e7a!!! Tem piscina? Tem, sim, senhor! Tem brinquedos? Tem, sim, senhor! Tem esportes radicais? Tem, sim, senhor? Hot\u00e9is Fazenda. Eles podem lembrar uma fazenda, uma comida caipira aqui, umas vaquinhas para ordenhar acol\u00e1, mas \u00e9 um hotel; investem nas muitas piscinas e \u00e1reas de lazer, nas atividades com monitores nos fins de semana e f\u00e9rias e nos quartos, s\u00e3o sempre muito confort\u00e1veis.<\/p>\n<p><strong>FAZENDA RIBEIR\u00c3O \u2013<\/strong> tem em sua \u00e1rea cachoeira, lago, quadras de t\u00eanis e mini fazenda. A lista de atividades \u00e9 tamb\u00e9m extensa: ao mesmo tempo em que os pequenos pilotam bugues e brincam de arco e flecha, os adultos curtem o alambique e o fitness club, com banheira para ozonioterapia, fica na cidade de Barra do Pira\u00ed, no Vale do Caf\u00e9 fluminense, em mais ou menos 02 horas de viagem, estamos chegando nesse para\u00edso, a compensa\u00e7\u00e3o vem a cavalo (ou a caiaque, pedalinho, etc. etc. etc.<\/p>\n<div id=\"attachment_129424\" style=\"width: 1034px\" class=\"wp-caption aligncenter\"><img loading=\"lazy\" decoding=\"async\" aria-describedby=\"caption-attachment-129424\" class=\"wp-image-129424 size-large\" src=\"https:\/\/diarioregionaldigital.com.br\/wp-content\/uploads\/2018\/12\/foto-04-3-1024x396.jpg\" alt=\"\" width=\"1024\" height=\"396\" \/><p id=\"caption-attachment-129424\" class=\"wp-caption-text\">A Fazenda Ribeir\u00e3o \u00e9 uma \u00f3tima op\u00e7\u00e3o para quem deseja curtir uma bela cachoeira, e conta tamb\u00e9m comum lago, quadras de t\u00eanis e mini fazenda &#8211; Foto: Divulga\u00e7\u00e3o<\/p><\/div>\n<p><strong>HOTEL FAZENDA VILAREJO \u2013<\/strong> na mesma regi\u00e3o na buc\u00f3lica cidade de Conservat\u00f3ria, agora com sistema \u201cAll Inclusive\u201d a comida \u00e9 uma delicia, preparada em fog\u00e3o a lenha, voc\u00ea realmente entra no clima de fazenda. Tem tudo que os outros t\u00eam, piscina, fazendinha, \u00e1rea de lazer, mas como fica na cidade das serestas e serenatas seu diferencial s\u00e3o\u00a0 as noites embaladas com\u00a0 can\u00e7\u00f5es que nos fazem dormir um sono tranquilo.<\/p>\n<p><strong>FAZENDA GAMELA ECO RESORT \u2013<\/strong> localizada no meio a uma mata nativa e muito ar puro, \u00e9 verdadeiramente um resort. Pode-se usufruir uma semana sem se ausentar do hotel. E olha que saem sempre com gostinho de \u201cquero mais\u201d. Al\u00e9m de possuir uma ampla estrutura de lazer, contando inclusive com o maior parque de aventuras do pa\u00eds, proporciona total conforto e os prazeres gastron\u00f4micos que s\u00f3 a verdadeira comida de fazenda pode oferecer. Oferece infra-estrutura para diferentes perfis de hospedagem. Sempre com muito charme e requinte. S\u00e3o cinco op\u00e7\u00f5es de acomoda\u00e7\u00f5es que atendem at\u00e9 oito pessoas: Master, Chal\u00e9, Suite, Ip\u00ea e Village. Al\u00e9m de piscina em locais diferentes, de \u00e1gua natural, clorada e t\u00e9rmica. \u00c9 uma fazenda de verdade, com cria\u00e7\u00e3o de vacas Girolandas, cavalos Mangalarga Marchador, carneiros Santa In\u00eas, porcos, galinhas, coelhos&#8230; Um para\u00edso de mais de um milh\u00e3o de metros quadrados a espera de quem gosta de viver momentos intensos sem abrir m\u00e3o da tranq\u00fcilidade.<\/p>\n<p>Voltando ao R\u00e9veillon. Para aqueles que gostam de agito, mas agito mesmo, a dica \u00e9 a badalada Orla de Copacabana em companhia de quase tr\u00eas milh\u00f5es de pessoas, para assistir a queima de fogos que \u00e9 a mais famosa do Brasil e do mundo. Por\u00e9m tamb\u00e9m tem queima de fogos no Farol da Barra em Salvador; no Marco Zero em Recife e por a\u00ed vai, por todo esse imenso Brasil, onde a alegria explode nos cora\u00e7\u00f5es cheios de esperan\u00e7a por um ano melhor.<\/p>\n<p>Feliz Ano Novo!!!<\/p>\n<p>&nbsp;<\/p>\n","protected":false},"excerpt":{"rendered":"<p>Passou o Natal, com suas ceias, presentes, confraterniza\u00e7\u00f5es e reflex\u00f5es; e chegou o ano novo, com as promessas \u00f3bvias; umas ser\u00e3o cumpridas, a maioria com certeza, n\u00e3o; por\u00e9m isso tamb\u00e9m faz parte dos nossos anseios por um ano melhor. Como diz Carlos Drummond de Andrade, num trecho de seu poema Cortar o Tempo: \u201cA\u00ed entra [&hellip;]<\/p>\n","protected":false},"author":96,"featured_media":0,"comment_status":"closed","ping_status":"closed","sticky":false,"template":"","format":"standard","meta":{"footnotes":""},"categories":[284],"tags":[],"class_list":["post-129420","post","type-post","status-publish","format-standard","hentry","category-turismo-rosa-oliveira"],"_links":{"self":[{"href":"https:\/\/diarioregionaldigital.com.br\/index.php?rest_route=\/wp\/v2\/posts\/129420","targetHints":{"allow":["GET"]}}],"collection":[{"href":"https:\/\/diarioregionaldigital.com.br\/index.php?rest_route=\/wp\/v2\/posts"}],"about":[{"href":"https:\/\/diarioregionaldigital.com.br\/index.php?rest_route=\/wp\/v2\/types\/post"}],"author":[{"embeddable":true,"href":"https:\/\/diarioregionaldigital.com.br\/index.php?rest_route=\/wp\/v2\/users\/96"}],"replies":[{"embeddable":true,"href":"https:\/\/diarioregionaldigital.com.br\/index.php?rest_route=%2Fwp%2Fv2%2Fcomments&post=129420"}],"version-history":[{"count":0,"href":"https:\/\/diarioregionaldigital.com.br\/index.php?rest_route=\/wp\/v2\/posts\/129420\/revisions"}],"wp:attachment":[{"href":"https:\/\/diarioregionaldigital.com.br\/index.php?rest_route=%2Fwp%2Fv2%2Fmedia&parent=129420"}],"wp:term":[{"taxonomy":"category","embeddable":true,"href":"https:\/\/diarioregionaldigital.com.br\/index.php?rest_route=%2Fwp%2Fv2%2Fcategories&post=129420"},{"taxonomy":"post_tag","embeddable":true,"href":"https:\/\/diarioregionaldigital.com.br\/index.php?rest_route=%2Fwp%2Fv2%2Ftags&post=129420"}],"curies":[{"name":"wp","href":"https:\/\/api.w.org\/{rel}","templated":true}]}}