{"id":129416,"date":"2018-12-27T10:00:29","date_gmt":"2018-12-27T12:00:29","guid":{"rendered":"https:\/\/diarioregionaldigital.com.br\/?p=129416"},"modified":"2018-12-27T12:10:18","modified_gmt":"2018-12-27T14:10:18","slug":"defesa-civil-recebe-mais-19-chamadas-em-juiz-de-fora","status":"publish","type":"post","link":"https:\/\/diarioregionaldigital.com.br\/?p=129416","title":{"rendered":"Defesa Civil recebe mais 19 chamadas em Juiz de Fora"},"content":{"rendered":"<p>Ap\u00f3s chuva nessa segunda-feira, 24, v\u00e9spera de Natal, a Defesa Civil continua recebendo chamadas. Das 17h dessa quarta-feira, 26, at\u00e9 \u00e0s 10h30 desta quinta-feira, 24, o \u00f3rg\u00e3o recebeu mais de 19 chamadas.<\/p>\n<p>Dessas 19, 13 foram na zona Leste, tr\u00eas na Nordeste, uma na Nordeste, Sudeste e Sul. As ocorr\u00eancias referem a alagamentos, amea\u00e7as de talude. Os engenheiros est\u00e3o em atendimento .<\/p>\n<h3><strong>Atua\u00e7\u00e3o<\/strong><\/h3>\n<p>Al\u00e9m disso, a Secretaria de Obras (SO) continua atuando nos bairros Vitorino Braga e Linhares. Os servi\u00e7os se concentram na limpeza, retirada de m\u00f3veis. J\u00e1 a Demlumb tamb\u00e9m opera tamb\u00e9m nessas \u00e1reas.<\/p>\n<h3><strong>\u00d4nibus<\/strong><\/h3>\n<p>As linhas de \u00f4nibus 430 \u00e0 434 que passam pela Rua Ces\u00e1rio Alvim continuam com altera\u00e7\u00e3o de itiner\u00e1rio. No sentido bairro\/Centro os \u00f4nibus est\u00e3o subindo pela Rua S\u00e3o Bernardo.<\/p>\n<h3><strong>Plano de A\u00e7\u00e3o <\/strong><\/h3>\n<p>A Secretaria de Sa\u00fade\u00a0 montou um plano de a\u00e7\u00e3o para atender os usu\u00e1rios dos bairros atingidos pela enchente. Uma equipe multidisciplinar foi montada no Centro de Refer\u00eancia em Direitos Humanos, localizado na Rua Vitorino Braga, 126, bairro hom\u00f4nimo, nesta quinta e sexta-feira, das 7h \u00e0s 17h. O local conta com m\u00e9dicos e enfermeiros, prestando atendimentos da aten\u00e7\u00e3o prim\u00e1ria, com aferimento de press\u00e3o e encaminhamentos de consultas. Tamb\u00e9m est\u00e3o sendo oferecidas vacinas de hepatite B, febre amarela, tr\u00edplice viral (caxumba, rub\u00e9ola e sarampo) e a dupla adulto (antitet\u00e2nica e difteria).<\/p>\n","protected":false},"excerpt":{"rendered":"<p>Ap\u00f3s chuva nessa segunda-feira, 24, v\u00e9spera de Natal, a Defesa Civil continua recebendo chamadas. Das 17h dessa quarta-feira, 26, at\u00e9 \u00e0s 10h30 desta quinta-feira, 24, o \u00f3rg\u00e3o recebeu mais de 19 chamadas. Dessas 19, 13 foram na zona Leste, tr\u00eas na Nordeste, uma na Nordeste, Sudeste e Sul. As ocorr\u00eancias referem a alagamentos, amea\u00e7as de [&hellip;]<\/p>\n","protected":false},"author":96,"featured_media":0,"comment_status":"closed","ping_status":"closed","sticky":false,"template":"","format":"standard","meta":{"footnotes":""},"categories":[253,436,440,439],"tags":[],"class_list":["post-129416","post","type-post","status-publish","format-standard","hentry","category-cidade","category-destaque-da-semana","category-destaques-do-dia","category-ultima-hora"],"_links":{"self":[{"href":"https:\/\/diarioregionaldigital.com.br\/index.php?rest_route=\/wp\/v2\/posts\/129416","targetHints":{"allow":["GET"]}}],"collection":[{"href":"https:\/\/diarioregionaldigital.com.br\/index.php?rest_route=\/wp\/v2\/posts"}],"about":[{"href":"https:\/\/diarioregionaldigital.com.br\/index.php?rest_route=\/wp\/v2\/types\/post"}],"author":[{"embeddable":true,"href":"https:\/\/diarioregionaldigital.com.br\/index.php?rest_route=\/wp\/v2\/users\/96"}],"replies":[{"embeddable":true,"href":"https:\/\/diarioregionaldigital.com.br\/index.php?rest_route=%2Fwp%2Fv2%2Fcomments&post=129416"}],"version-history":[{"count":0,"href":"https:\/\/diarioregionaldigital.com.br\/index.php?rest_route=\/wp\/v2\/posts\/129416\/revisions"}],"wp:attachment":[{"href":"https:\/\/diarioregionaldigital.com.br\/index.php?rest_route=%2Fwp%2Fv2%2Fmedia&parent=129416"}],"wp:term":[{"taxonomy":"category","embeddable":true,"href":"https:\/\/diarioregionaldigital.com.br\/index.php?rest_route=%2Fwp%2Fv2%2Fcategories&post=129416"},{"taxonomy":"post_tag","embeddable":true,"href":"https:\/\/diarioregionaldigital.com.br\/index.php?rest_route=%2Fwp%2Fv2%2Ftags&post=129416"}],"curies":[{"name":"wp","href":"https:\/\/api.w.org\/{rel}","templated":true}]}}