{"id":129409,"date":"2018-12-27T11:53:38","date_gmt":"2018-12-27T13:53:38","guid":{"rendered":"https:\/\/diarioregionaldigital.com.br\/?p=129409"},"modified":"2018-12-27T11:53:38","modified_gmt":"2018-12-27T13:53:38","slug":"cobertura-do-samu-regional-em-minas-gerais-quase-dobra-em-4-anos","status":"publish","type":"post","link":"https:\/\/diarioregionaldigital.com.br\/?p=129409","title":{"rendered":"Cobertura do Samu Regional em Minas Gerais quase dobra em 4 anos"},"content":{"rendered":"<p>Essencial para os primeiros atendimentos de urg\u00eancia e emerg\u00eancia em Minas Gerais, o Servi\u00e7o de Atendimento M\u00f3vel de Urg\u00eancia (Samu) \u00e9 efetivo no atendimento prim\u00e1rio \u00e0s urg\u00eancias, de forma eficaz e segura, evitando a evolu\u00e7\u00e3o dos quadros graves, inclusive aqueles de situa\u00e7\u00f5es evit\u00e1veis e que poderiam levar ao \u00f3bito do paciente.<\/p>\n<p>O Samu Regional, que \u00e9 prioridade do\u00a0<a tabindex=\"-1\" href=\"http:\/\/www.mg.gov.br\/\" target=\"_blank\" rel=\"external noopener\">Governo de Minas Gerais<\/a>, teve sua cobertura regional ampliada nos \u00faltimos quatro anos. Em 2015, 312 munic\u00edpios contavam com os atendimentos do Servi\u00e7o. Essa cobertura saltou para 549 em 2018, beneficiando mais de 9,8 milh\u00f5es de pessoas em todo estado.<\/p>\n<p>Segundo a diretora de Pol\u00edtica e Gest\u00e3o Hospitalar da\u00a0<a tabindex=\"-1\" href=\"http:\/\/www.saude.mg.gov.br\/\" target=\"_blank\" rel=\"external noopener\">Secretaria de Estado de Minas Gerais (SES-MG)<\/a>, Kelly Barros da Silva Fortini, a regionaliza\u00e7\u00e3o do Samu possibilita a organiza\u00e7\u00e3o dos atendimentos de urg\u00eancia e emerg\u00eancia em todo o estado, permitindo levar atendimento a um maior n\u00famero da popula\u00e7\u00e3o.<\/p>\n<p>\u201cO Servi\u00e7o de Atendimento M\u00f3vel de Urg\u00eancia (Samu 192) \u00e9 uma ferramenta importante e eficaz no atendimento pr\u00e9-hospitalar de urg\u00eancia, conectando as v\u00edtimas, em todo o estado, aos recursos necess\u00e1rios com a maior brevidade e qualidade poss\u00edvel, chegando precocemente \u00e0s v\u00edtimas em situa\u00e7\u00e3o de urg\u00eancia ou emerg\u00eancia\u201d, diz Kelly.<\/p>\n<p>Segundo ela, o atendimento r\u00e1pido e adequado reduz drasticamente a possibilidade de evolu\u00e7\u00e3o do quadro dos pacientes em situa\u00e7\u00e3o grave. \u201cAtualmente, a cobertura j\u00e1 passa de 64,3% dos munic\u00edpios do Estado e nosso objetivo \u00e9 alcan\u00e7ar os 100%\u201d, acrescenta.<\/p>\n<h3><b>\u00a0<\/b><b>Servi\u00e7o aerom\u00e9dico<\/b><\/h3>\n<p>Um dos grandes ganhos para auxiliar no atendimento do Samu Regional em Minas foi a implanta\u00e7\u00e3o do Suporte A\u00e9reo Avan\u00e7ado de Vida (SAAV). O servi\u00e7o, que \u00e9 operacionalizado pelo Corpo de Bombeiros de Minas Gerais, realiza atendimentos pr\u00e9-hospitalares em urg\u00eancias graves, capta\u00e7\u00e3o de \u00f3rg\u00e3os e resgates de dif\u00edcil acesso.<\/p>\n<p>O objetivo \u00e9 a redu\u00e7\u00e3o do tempo de resposta no socorro \u00e0s v\u00edtimas e o encaminhamento de pacientes em estado grave para hospitais de refer\u00eancia nas regi\u00f5es Centro, Norte, Sul de Minas e Tri\u00e2ngulo Norte.<\/p>\n<p>Segundo a coordenadora da Rede de Urg\u00eancia e Emerg\u00eancia da SES-MG, \u00c9rika de Oliveira Santos, o servi\u00e7o aerom\u00e9dico \u00e9 essencial para os atendimentos de ocorr\u00eancias mais graves e em locais de dif\u00edceis acessos.<\/p>\n<p>\u201cO SAAV constitui uma solu\u00e7\u00e3o de transporte que otimiza a remo\u00e7\u00e3o dos usu\u00e1rios do SUS nos recursos de sa\u00fade adequados a cada caso. O servi\u00e7o reduz o tempo-resposta na presta\u00e7\u00e3o de socorro \u00e0s v\u00edtimas de urg\u00eancia e emerg\u00eancia em todas as regi\u00f5es de Minas Gerais, com isso reduzindo as mortes e complica\u00e7\u00f5es evit\u00e1veis como resultado regional e garantindo aos usu\u00e1rios um atendimento eficaz e de qualidade\u201d, diz \u00c9rika.<\/p>\n<p>A primeira aeronave da SES-MG, o helic\u00f3ptero biturbina, modelo EC 145, iniciou a opera\u00e7\u00e3o em fevereiro de 2015. Junto com os outros dois helic\u00f3pteros do Corpo de Bombeiros Militar de Minas Gerais (CBMMG), j\u00e1 foram realizados mais de 3.800 atendimentos de v\u00edtimas em todo estado de Minas Gerais.<\/p>\n<p>Em 2016, al\u00e9m de Belo Horizonte, come\u00e7ou a funcionar a base a\u00e9rea de Varginha, respeitando a pol\u00edtica de regionaliza\u00e7\u00e3o da sa\u00fade. A aeronave, desde que entrou em opera\u00e7\u00e3o, realiza atendimentos na regi\u00e3o. O helic\u00f3ptero modelo Arcanjo possui uma Unidade de Tratamento Intensivo (UTI) completa e conta com uma equipe altamente qualificada composta por um m\u00e9dico, um enfermeiro, um piloto, um co-piloto e dois tripulantes.<\/p>\n<p>O aposentado e morador do munic\u00edpio de Lambari, de 59 anos, Jos\u00e9 Ant\u00f4nio da Silva, teve um infarto e foi um dos primeiros pacientes a serem atendidos pelo servi\u00e7o aerom\u00e9dico na regi\u00e3o.<\/p>\n<p>\u201cEstava em casa quando senti minha m\u00e3o adormecer. Pouco depois senti uma dor muito forte, que subia pelo bra\u00e7o e ia at\u00e9 o peito\u201d, relata Silva. Ele foi levado pela filha para o Pronto Socorro da cidade, mas precisava ser transferido com urg\u00eancia para um hospital. O Cissul Samu, ent\u00e3o, acionou o Servi\u00e7o Aerom\u00e9dico Avan\u00e7ado de Vida e, em poucos minutos, o aposentado j\u00e1 estava no Hospital Regional de Varginha.<\/p>\n<p>\u201cO cardiologista disse que se n\u00e3o fosse essa rapidez do atendimento, eu n\u00e3o estaria aqui hoje. Meu infarto foi muito forte. Gra\u00e7as a Deus e a esse servi\u00e7o, eu estou vivo\u201d, conclui Jos\u00e9 Ant\u00f4nio da Silva.<\/p>\n<p>Para refor\u00e7ar o atendimento aerom\u00e9dico, em 2018, o Governo de Minas colocou em opera\u00e7\u00e3o duas novas aeronaves com bases em Montes Claros e em Uberaba. Com essas novas aeronaves, o SAAV passa a contar com cinco helic\u00f3pteros e um avi\u00e3o, distribu\u00eddos em quatro bases a\u00e9reas e a cobertura do servi\u00e7o aerom\u00e9dico ser\u00e1 de 69,9% da popula\u00e7\u00e3o do estado.<\/p>\n<p>Com isso todos os munic\u00edpios mineiros, tanto para atendimento diurno, como noturno estar\u00e3o cobertos, permitindo as equipes percorrerem maiores dist\u00e2ncias em menor tempo e reduzindo o tempo de resposta.<\/p>\n<p>De 2015 a 2018 foram investidos pelo Estado de Minas Gerais mais de R$57,8 milh\u00f5es na implanta\u00e7\u00e3o dos Samu 192 Regionais em funcionamento e R$347,1 milh\u00f5es no custeio das unidades. Al\u00e9m de R$15.834.750,00 para a renova\u00e7\u00e3o da frota das ambul\u00e2ncias.<\/p>\n<h3><b>Servi\u00e7o Regionalizado<\/b><\/h3>\n<p>Atualmente existem sete Samus Regionais que permitem que 549 dos 853 munic\u00edpios mineiros tenham acesso ao servi\u00e7o. Isso equivale a 64,3% de cobertura do estado, atendendo cerca de 9,8 milh\u00f5es dos 20,9 milh\u00f5es de habitantes de Minas Gerais, alcan\u00e7ando uma cobertura de 47% da popula\u00e7\u00e3o.<\/p>\n<p>O Samu Regional 192 est\u00e1 implantado nas regi\u00f5es ampliadas de sa\u00fade Norte, Nordeste\/Jequitinhonha, Centro Sul, Sudeste, Sul, Oeste e Tri\u00e2ngulo do Norte (inaugurado em 2018).<\/p>\n<p>Al\u00e9m dos Samus regionais, o estado conta com 12 Samus municipais, distribu\u00eddos em Belo Horizonte, Betim, Contagem, Governador Valadares, Ipatinga, Itabira, Mariana, Ouro Preto, Po\u00e7os de Caldas, Sete Lagoas, Uberaba e Patos de Minas.<\/p>\n<p>O \u00faltimo Samu Regional implantado foi em julho de 2018, na regi\u00e3o do Tri\u00e2ngulo do Norte, que abrange 26 munic\u00edpios e atende a uma popula\u00e7\u00e3o de 602.290 pessoas.<\/p>\n<p>Nos cinco meses de funcionamento, a Central de Regula\u00e7\u00e3o das Urg\u00eancias recebeu 5.352 liga\u00e7\u00f5es que resultaram em orienta\u00e7\u00f5es m\u00e9dicas, 21.851 em orienta\u00e7\u00f5es n\u00e3o m\u00e9dicas e 12.891 atendimentos com deslocamento de ambul\u00e2ncias, sendo 1.263 por meio da Unidade de Suporte Avan\u00e7ado (USA) e 11.628 por meio da Unidade de Suporte B\u00e1sico (USB).<\/p>\n<p>Ao todo foram registradas 51.280 liga\u00e7\u00f5es originadas de toda Regi\u00e3o Ampliada de Sa\u00fade (RAS) Tri\u00e2ngulo Norte.<\/p>\n<p>Uma dessas liga\u00e7\u00f5es foi realizada pela gestante Mariele Alves da Silva, de 24 anos, moradora do munic\u00edpio de Ituiutaba, que entrou em trabalho de parto em casa. Quando a Unidade de Suporte Avan\u00e7ado (USA) chegou \u00e0 casa da jovem, a pequena Helena j\u00e1 estava nascendo.<\/p>\n<p>O m\u00e9dico S\u00e9rgio Moreira de Oliveira J\u00fanior e o enfermeiro Joel Natal da Silva chegaram no momento certo para cortar o cord\u00e3o umbilical e realizar os procedimentos de aspira\u00e7\u00e3o das vias a\u00e9reas e verificar os sinais vitais da rec\u00e9m nascida.<\/p>\n<p>Quando a m\u00e3e e a filha j\u00e1 estavam estabilizadas sob os cuidados da equipe, elas foram conduzidas para o Hospital S\u00e3o Jos\u00e9, que \u00e9 a maternidade de refer\u00eancia em Ituiutaba.<\/p>\n<p>Segundo a enfermeira do Samu em Ituiutaba, Beth\u00e2nia Rosado Ara\u00fajo, o parto foi o primeiro realizado pela equipe da regi\u00e3o e emocionou muito a todos. \u201c\u00c9 muito gratificante fazer a diferen\u00e7a na vida das pessoas e acompanhar casos como o da Mariele, pois assim que a unidade do Samu chega para atender o paciente, os profissionais trazem tranquilidade para toda a fam\u00edlia, vizinhos e amigos\u201d, diz. \u201cTrabalhamos com situa\u00e7\u00f5es inesperadas e a nossa chegada em quest\u00f5es de minutos traz a sensa\u00e7\u00e3o de conforto e seguran\u00e7a para a pessoa, que deposita toda a confian\u00e7a no trabalho que ser\u00e1 realizado\u201d, finaliza a enfermeira.<\/p>\n<p><em>Fonte: Assessoria<\/em><\/p>\n","protected":false},"excerpt":{"rendered":"<p>Essencial para os primeiros atendimentos de urg\u00eancia e emerg\u00eancia em Minas Gerais, o Servi\u00e7o de Atendimento M\u00f3vel de Urg\u00eancia (Samu) \u00e9 efetivo no atendimento prim\u00e1rio \u00e0s urg\u00eancias, de forma eficaz e segura, evitando a evolu\u00e7\u00e3o dos quadros graves, inclusive aqueles de situa\u00e7\u00f5es evit\u00e1veis e que poderiam levar ao \u00f3bito do paciente. O Samu Regional, que [&hellip;]<\/p>\n","protected":false},"author":96,"featured_media":0,"comment_status":"closed","ping_status":"closed","sticky":false,"template":"","format":"standard","meta":{"footnotes":""},"categories":[252,439],"tags":[],"class_list":["post-129409","post","type-post","status-publish","format-standard","hentry","category-regiao","category-ultima-hora"],"_links":{"self":[{"href":"https:\/\/diarioregionaldigital.com.br\/index.php?rest_route=\/wp\/v2\/posts\/129409","targetHints":{"allow":["GET"]}}],"collection":[{"href":"https:\/\/diarioregionaldigital.com.br\/index.php?rest_route=\/wp\/v2\/posts"}],"about":[{"href":"https:\/\/diarioregionaldigital.com.br\/index.php?rest_route=\/wp\/v2\/types\/post"}],"author":[{"embeddable":true,"href":"https:\/\/diarioregionaldigital.com.br\/index.php?rest_route=\/wp\/v2\/users\/96"}],"replies":[{"embeddable":true,"href":"https:\/\/diarioregionaldigital.com.br\/index.php?rest_route=%2Fwp%2Fv2%2Fcomments&post=129409"}],"version-history":[{"count":0,"href":"https:\/\/diarioregionaldigital.com.br\/index.php?rest_route=\/wp\/v2\/posts\/129409\/revisions"}],"wp:attachment":[{"href":"https:\/\/diarioregionaldigital.com.br\/index.php?rest_route=%2Fwp%2Fv2%2Fmedia&parent=129409"}],"wp:term":[{"taxonomy":"category","embeddable":true,"href":"https:\/\/diarioregionaldigital.com.br\/index.php?rest_route=%2Fwp%2Fv2%2Fcategories&post=129409"},{"taxonomy":"post_tag","embeddable":true,"href":"https:\/\/diarioregionaldigital.com.br\/index.php?rest_route=%2Fwp%2Fv2%2Ftags&post=129409"}],"curies":[{"name":"wp","href":"https:\/\/api.w.org\/{rel}","templated":true}]}}