{"id":129401,"date":"2018-12-27T09:55:12","date_gmt":"2018-12-27T11:55:12","guid":{"rendered":"https:\/\/diarioregionaldigital.com.br\/?p=129401"},"modified":"2018-12-27T09:55:12","modified_gmt":"2018-12-27T11:55:12","slug":"idoso-e-agredido-e-assaltado-no-bairro-granbery","status":"publish","type":"post","link":"https:\/\/diarioregionaldigital.com.br\/?p=129401","title":{"rendered":"Idoso \u00e9 agredido e assaltado no bairro Granbery"},"content":{"rendered":"<p>Um idoso, 71, foi assaltado nessa quarta-feira, 26, na porta da casa onde mora na Rua Esp\u00edrito Santo, no bairro Granbery, na regi\u00e3o central de Juiz de Fora. O homem contou \u00e0 Pol\u00edcia Militar que pegava as chaves para abrir a resid\u00eancia, por volta das 23h, quando foi surpreendido pelo assaltante.<\/p>\n<p>O autor deu um tapa no bolso da camisa do idoso e o empurrou no ch\u00e3o. Em seguida, pegou o celular da v\u00edtima e fugiu. A v\u00edtima reconheceu o autor e informou aos policiais onde ele estaria residindo. Nas proximidades do local, a PM encontrou o jovem, que tem 26 anos. O celular j\u00e1 havia sido vendido pelo assaltante em um bar da regi\u00e3o e n\u00e3o foi localizado.<\/p>\n<p>O homem foi preso e encaminhado \u00e0 delegacia.<\/p>\n","protected":false},"excerpt":{"rendered":"<p>Um idoso, 71, foi assaltado nessa quarta-feira, 26, na porta da casa onde mora na Rua Esp\u00edrito Santo, no bairro Granbery, na regi\u00e3o central de Juiz de Fora. O homem contou \u00e0 Pol\u00edcia Militar que pegava as chaves para abrir a resid\u00eancia, por volta das 23h, quando foi surpreendido pelo assaltante. O autor deu um [&hellip;]<\/p>\n","protected":false},"author":96,"featured_media":95836,"comment_status":"closed","ping_status":"closed","sticky":false,"template":"","format":"standard","meta":{"footnotes":""},"categories":[301],"tags":[],"class_list":["post-129401","post","type-post","status-publish","format-standard","has-post-thumbnail","hentry","category-artigos-policiais"],"_links":{"self":[{"href":"https:\/\/diarioregionaldigital.com.br\/index.php?rest_route=\/wp\/v2\/posts\/129401","targetHints":{"allow":["GET"]}}],"collection":[{"href":"https:\/\/diarioregionaldigital.com.br\/index.php?rest_route=\/wp\/v2\/posts"}],"about":[{"href":"https:\/\/diarioregionaldigital.com.br\/index.php?rest_route=\/wp\/v2\/types\/post"}],"author":[{"embeddable":true,"href":"https:\/\/diarioregionaldigital.com.br\/index.php?rest_route=\/wp\/v2\/users\/96"}],"replies":[{"embeddable":true,"href":"https:\/\/diarioregionaldigital.com.br\/index.php?rest_route=%2Fwp%2Fv2%2Fcomments&post=129401"}],"version-history":[{"count":0,"href":"https:\/\/diarioregionaldigital.com.br\/index.php?rest_route=\/wp\/v2\/posts\/129401\/revisions"}],"wp:featuredmedia":[{"embeddable":true,"href":"https:\/\/diarioregionaldigital.com.br\/index.php?rest_route=\/wp\/v2\/media\/95836"}],"wp:attachment":[{"href":"https:\/\/diarioregionaldigital.com.br\/index.php?rest_route=%2Fwp%2Fv2%2Fmedia&parent=129401"}],"wp:term":[{"taxonomy":"category","embeddable":true,"href":"https:\/\/diarioregionaldigital.com.br\/index.php?rest_route=%2Fwp%2Fv2%2Fcategories&post=129401"},{"taxonomy":"post_tag","embeddable":true,"href":"https:\/\/diarioregionaldigital.com.br\/index.php?rest_route=%2Fwp%2Fv2%2Ftags&post=129401"}],"curies":[{"name":"wp","href":"https:\/\/api.w.org\/{rel}","templated":true}]}}