{"id":129392,"date":"2018-12-27T09:20:48","date_gmt":"2018-12-27T11:20:48","guid":{"rendered":"https:\/\/diarioregionaldigital.com.br\/?p=129392"},"modified":"2018-12-27T09:20:48","modified_gmt":"2018-12-27T11:20:48","slug":"menor-e-apreendido-por-tentativa-de-homicidio-no-bairro-sao-sebastiao","status":"publish","type":"post","link":"https:\/\/diarioregionaldigital.com.br\/?p=129392","title":{"rendered":"Menor \u00e9 apreendido por tentativa de homic\u00eddio no bairro S\u00e3o Sebasti\u00e3o"},"content":{"rendered":"<p>Nessa quarta-feira, 26, a Pol\u00edcia Militar registrou um caso de tentativa de homic\u00eddio no bairro S\u00e3o Sebasti\u00e3o, na zona Leste de Juiz de Fora. A v\u00edtima foi um jovem de 20 anos.<\/p>\n<p>Segundo a Pol\u00edcia Militar (PM), a v\u00edtima foi encontrada na Rua Fausto Machado ap\u00f3s ser atingida por um tiro na orelha esquerda. O rapaz foi levado para o Hospital de Pronto Socorro Doutor Mozart Teixeira e, segundo a equipe m\u00e9dica, a bala que o atingiu ficou alojada na nuca. O jovem permanece em observa\u00e7\u00e3o.<\/p>\n<p>A PM informou ainda que o autor do disparo foi reconhecido e se trata de um menor, de 15 anos. Os policiais militares foram at\u00e9 a casa do autor, no bairro S\u00e3o Benedito, vizinho ao local do crime, onde encontraram dentro de um ba\u00fa cinco muni\u00e7\u00f5es calibre 22 intactas. O adolescente n\u00e3o estava na resid\u00eancia, mas foi encontrado nas proximidades enquanto tentava fugir.<\/p>\n<p>O autor foi apreendido em flagrante e encaminhado para a delegacia acompanhado da m\u00e3e.<\/p>\n","protected":false},"excerpt":{"rendered":"<p>Nessa quarta-feira, 26, a Pol\u00edcia Militar registrou um caso de tentativa de homic\u00eddio no bairro S\u00e3o Sebasti\u00e3o, na zona Leste de Juiz de Fora. A v\u00edtima foi um jovem de 20 anos. Segundo a Pol\u00edcia Militar (PM), a v\u00edtima foi encontrada na Rua Fausto Machado ap\u00f3s ser atingida por um tiro na orelha esquerda. O [&hellip;]<\/p>\n","protected":false},"author":96,"featured_media":95836,"comment_status":"closed","ping_status":"closed","sticky":false,"template":"","format":"standard","meta":{"footnotes":""},"categories":[301],"tags":[],"class_list":["post-129392","post","type-post","status-publish","format-standard","has-post-thumbnail","hentry","category-artigos-policiais"],"_links":{"self":[{"href":"https:\/\/diarioregionaldigital.com.br\/index.php?rest_route=\/wp\/v2\/posts\/129392","targetHints":{"allow":["GET"]}}],"collection":[{"href":"https:\/\/diarioregionaldigital.com.br\/index.php?rest_route=\/wp\/v2\/posts"}],"about":[{"href":"https:\/\/diarioregionaldigital.com.br\/index.php?rest_route=\/wp\/v2\/types\/post"}],"author":[{"embeddable":true,"href":"https:\/\/diarioregionaldigital.com.br\/index.php?rest_route=\/wp\/v2\/users\/96"}],"replies":[{"embeddable":true,"href":"https:\/\/diarioregionaldigital.com.br\/index.php?rest_route=%2Fwp%2Fv2%2Fcomments&post=129392"}],"version-history":[{"count":0,"href":"https:\/\/diarioregionaldigital.com.br\/index.php?rest_route=\/wp\/v2\/posts\/129392\/revisions"}],"wp:featuredmedia":[{"embeddable":true,"href":"https:\/\/diarioregionaldigital.com.br\/index.php?rest_route=\/wp\/v2\/media\/95836"}],"wp:attachment":[{"href":"https:\/\/diarioregionaldigital.com.br\/index.php?rest_route=%2Fwp%2Fv2%2Fmedia&parent=129392"}],"wp:term":[{"taxonomy":"category","embeddable":true,"href":"https:\/\/diarioregionaldigital.com.br\/index.php?rest_route=%2Fwp%2Fv2%2Fcategories&post=129392"},{"taxonomy":"post_tag","embeddable":true,"href":"https:\/\/diarioregionaldigital.com.br\/index.php?rest_route=%2Fwp%2Fv2%2Ftags&post=129392"}],"curies":[{"name":"wp","href":"https:\/\/api.w.org\/{rel}","templated":true}]}}