{"id":129389,"date":"2018-12-27T08:41:40","date_gmt":"2018-12-27T10:41:40","guid":{"rendered":"https:\/\/diarioregionaldigital.com.br\/?p=129389"},"modified":"2018-12-27T08:41:40","modified_gmt":"2018-12-27T10:41:40","slug":"bairro-linhares-registra-caso-de-furto-de-motocicleta","status":"publish","type":"post","link":"https:\/\/diarioregionaldigital.com.br\/?p=129389","title":{"rendered":"Bairro Linhares registra caso de furto de motocicleta"},"content":{"rendered":"<p>Uma moto foi furtada nessa quarta-feira, 26, no bairro Linhares, na zona Leste de Juiz de Fora. De acordo com o propriet\u00e1rio, de 33 anos, o ve\u00edculo foi estacionado na Rua Luiz F\u00e1vero durante a manh\u00e3 e, ao retornar por volta das 15h, n\u00e3o mais encontrou a motocicleta no local.<\/p>\n<p>O homem n\u00e3o apresentou nenhum suspeito e, agora, a Pol\u00edcia Militar ir\u00e1 investigar o caso.<\/p>\n","protected":false},"excerpt":{"rendered":"<p>Uma moto foi furtada nessa quarta-feira, 26, no bairro Linhares, na zona Leste de Juiz de Fora. De acordo com o propriet\u00e1rio, de 33 anos, o ve\u00edculo foi estacionado na Rua Luiz F\u00e1vero durante a manh\u00e3 e, ao retornar por volta das 15h, n\u00e3o mais encontrou a motocicleta no local. O homem n\u00e3o apresentou nenhum [&hellip;]<\/p>\n","protected":false},"author":96,"featured_media":95836,"comment_status":"closed","ping_status":"closed","sticky":false,"template":"","format":"standard","meta":{"footnotes":""},"categories":[301],"tags":[],"class_list":["post-129389","post","type-post","status-publish","format-standard","has-post-thumbnail","hentry","category-artigos-policiais"],"_links":{"self":[{"href":"https:\/\/diarioregionaldigital.com.br\/index.php?rest_route=\/wp\/v2\/posts\/129389","targetHints":{"allow":["GET"]}}],"collection":[{"href":"https:\/\/diarioregionaldigital.com.br\/index.php?rest_route=\/wp\/v2\/posts"}],"about":[{"href":"https:\/\/diarioregionaldigital.com.br\/index.php?rest_route=\/wp\/v2\/types\/post"}],"author":[{"embeddable":true,"href":"https:\/\/diarioregionaldigital.com.br\/index.php?rest_route=\/wp\/v2\/users\/96"}],"replies":[{"embeddable":true,"href":"https:\/\/diarioregionaldigital.com.br\/index.php?rest_route=%2Fwp%2Fv2%2Fcomments&post=129389"}],"version-history":[{"count":0,"href":"https:\/\/diarioregionaldigital.com.br\/index.php?rest_route=\/wp\/v2\/posts\/129389\/revisions"}],"wp:featuredmedia":[{"embeddable":true,"href":"https:\/\/diarioregionaldigital.com.br\/index.php?rest_route=\/wp\/v2\/media\/95836"}],"wp:attachment":[{"href":"https:\/\/diarioregionaldigital.com.br\/index.php?rest_route=%2Fwp%2Fv2%2Fmedia&parent=129389"}],"wp:term":[{"taxonomy":"category","embeddable":true,"href":"https:\/\/diarioregionaldigital.com.br\/index.php?rest_route=%2Fwp%2Fv2%2Fcategories&post=129389"},{"taxonomy":"post_tag","embeddable":true,"href":"https:\/\/diarioregionaldigital.com.br\/index.php?rest_route=%2Fwp%2Fv2%2Ftags&post=129389"}],"curies":[{"name":"wp","href":"https:\/\/api.w.org\/{rel}","templated":true}]}}