{"id":129386,"date":"2018-12-27T08:40:12","date_gmt":"2018-12-27T10:40:12","guid":{"rendered":"https:\/\/diarioregionaldigital.com.br\/?p=129386"},"modified":"2018-12-27T08:40:12","modified_gmt":"2018-12-27T10:40:12","slug":"sob-risco-de-segundo-tsunami-indonesia-esta-em-alerta","status":"publish","type":"post","link":"https:\/\/diarioregionaldigital.com.br\/?p=129386","title":{"rendered":"Sob risco de segundo tsunami, Indon\u00e9sia est\u00e1 em alerta"},"content":{"rendered":"<p>Sob o receio de um segundo tsunami em menos de uma semana, as autoridades da Indon\u00e9sia aumentaram nesta quinta-feira, 27, o status de alerta do Vulc\u00e3o Anak Krakatau e ampliaram a zona proibida, depois que a erup\u00e7\u00e3o do vulc\u00e3o desencadeou um tsunami nas \u00e1reas costeiras do Estreito de Sunda. Mais de 430 pessoas morreram, 1.495 ficaram feridos e ainda h\u00e1 muitos desaparecidos e desalojados no pa\u00eds.<\/p>\n<p>O alerta subiu para o segundo maior, e a zona de evacua\u00e7\u00e3o foi ampliada para 5 quil\u00f4metros (km) da cratera, em compara\u00e7\u00e3o com o tamanho anterior de 2 km. A informa\u00e7\u00e3o \u00e9 do porta-voz da Ag\u00eancia Nacional de Gerenciamento de Desastres, Sutopo Purwo Nugroho.<\/p>\n<p>A erup\u00e7\u00e3o do vulc\u00e3o, h\u00e1 cinco dias, provocou deslizamentos de terra e lavas foram parar no mar. As autoridades pedem a todos o uso de m\u00e1scaras. Especialistas em vulc\u00e3o afirmam que a atividade vulc\u00e2nica produz freq\u00fcentes erup\u00e7\u00f5es moderadas. No entanto, advertem que o risco de um novo tsunami \u00e9 real.<\/p>\n<p>Por ordem das autoridades da Indon\u00e9sia, 20 mil pessoas foram retiradas das regi\u00f5es consideradas de risco. O tsunami do \u00faltimo s\u00e1bado, 22, atingiu um raio de 312,75 km de \u00e1reas costeiras nas prov\u00edncias de Banten e Lampung.<\/p>\n<p>A maioria das v\u00edtimas foi resgatada em v\u00e1rios resorts no distrito de Pandglang, na prov\u00edncia de Banten. Uma imagem de sat\u00e9lite revelou que a maior parte das \u00e1reas de flanco do Anak Krakatau desmoronou pouco antes do tsunami, e a Ag\u00eancia de Meteorologia e Geof\u00edsica do pa\u00eds disse que o colapso dos flancos cobriu uma \u00e1rea de 64 hectares e causou deslizamentos de terra.<\/p>\n<p>Anak Krakatau \u00e9 um dos 129 vulc\u00f5es ativos da Indon\u00e9sia, uma vasta na\u00e7\u00e3o arquip\u00e9lago situada em vulner\u00e1vel zona de terremotos chamada Anel de Fogo do Pac\u00edfico.<\/p>\n<p><em>Fonte: Ag\u00eancia Brasil<\/em><\/p>\n","protected":false},"excerpt":{"rendered":"<p>Sob o receio de um segundo tsunami em menos de uma semana, as autoridades da Indon\u00e9sia aumentaram nesta quinta-feira, 27, o status de alerta do Vulc\u00e3o Anak Krakatau e ampliaram a zona proibida, depois que a erup\u00e7\u00e3o do vulc\u00e3o desencadeou um tsunami nas \u00e1reas costeiras do Estreito de Sunda. Mais de 430 pessoas morreram, 1.495 [&hellip;]<\/p>\n","protected":false},"author":96,"featured_media":0,"comment_status":"closed","ping_status":"closed","sticky":false,"template":"","format":"standard","meta":{"footnotes":""},"categories":[302,439],"tags":[],"class_list":["post-129386","post","type-post","status-publish","format-standard","hentry","category-brasil-mundo","category-ultima-hora"],"_links":{"self":[{"href":"https:\/\/diarioregionaldigital.com.br\/index.php?rest_route=\/wp\/v2\/posts\/129386","targetHints":{"allow":["GET"]}}],"collection":[{"href":"https:\/\/diarioregionaldigital.com.br\/index.php?rest_route=\/wp\/v2\/posts"}],"about":[{"href":"https:\/\/diarioregionaldigital.com.br\/index.php?rest_route=\/wp\/v2\/types\/post"}],"author":[{"embeddable":true,"href":"https:\/\/diarioregionaldigital.com.br\/index.php?rest_route=\/wp\/v2\/users\/96"}],"replies":[{"embeddable":true,"href":"https:\/\/diarioregionaldigital.com.br\/index.php?rest_route=%2Fwp%2Fv2%2Fcomments&post=129386"}],"version-history":[{"count":0,"href":"https:\/\/diarioregionaldigital.com.br\/index.php?rest_route=\/wp\/v2\/posts\/129386\/revisions"}],"wp:attachment":[{"href":"https:\/\/diarioregionaldigital.com.br\/index.php?rest_route=%2Fwp%2Fv2%2Fmedia&parent=129386"}],"wp:term":[{"taxonomy":"category","embeddable":true,"href":"https:\/\/diarioregionaldigital.com.br\/index.php?rest_route=%2Fwp%2Fv2%2Fcategories&post=129386"},{"taxonomy":"post_tag","embeddable":true,"href":"https:\/\/diarioregionaldigital.com.br\/index.php?rest_route=%2Fwp%2Fv2%2Ftags&post=129386"}],"curies":[{"name":"wp","href":"https:\/\/api.w.org\/{rel}","templated":true}]}}