{"id":129384,"date":"2018-12-27T08:24:51","date_gmt":"2018-12-27T10:24:51","guid":{"rendered":"https:\/\/diarioregionaldigital.com.br\/?p=129384"},"modified":"2018-12-27T08:24:51","modified_gmt":"2018-12-27T10:24:51","slug":"adolescentes-tem-celulares-roubados-no-bairro-costa-carvalho","status":"publish","type":"post","link":"https:\/\/diarioregionaldigital.com.br\/?p=129384","title":{"rendered":"Adolescentes t\u00eam celulares roubados no bairro Costa Carvalho"},"content":{"rendered":"<p>Nessa quarta-feira, 26, uma menor, de 15 anos, e um adolescente, de 19, foram assaltados na Avenida Sete de Setembro, no bairro Costa Carvalho, na regi\u00e3o Sudeste de Juiz de Fora. Os dois passavam pela via, por volta de 14h, quando foram surpreendidos por uma dupla armada.<\/p>\n<p>Um dos assaltantes exigiu que as v\u00edtimas entregassem os celulares. Ap\u00f3s conseguir os aparelhos telef\u00f4nicos os autores fugiram e n\u00e3o foram localizados pela Pol\u00edcia Militar.<\/p>\n","protected":false},"excerpt":{"rendered":"<p>Nessa quarta-feira, 26, uma menor, de 15 anos, e um adolescente, de 19, foram assaltados na Avenida Sete de Setembro, no bairro Costa Carvalho, na regi\u00e3o Sudeste de Juiz de Fora. Os dois passavam pela via, por volta de 14h, quando foram surpreendidos por uma dupla armada. Um dos assaltantes exigiu que as v\u00edtimas entregassem [&hellip;]<\/p>\n","protected":false},"author":96,"featured_media":95836,"comment_status":"closed","ping_status":"closed","sticky":false,"template":"","format":"standard","meta":{"footnotes":""},"categories":[301],"tags":[],"class_list":["post-129384","post","type-post","status-publish","format-standard","has-post-thumbnail","hentry","category-artigos-policiais"],"_links":{"self":[{"href":"https:\/\/diarioregionaldigital.com.br\/index.php?rest_route=\/wp\/v2\/posts\/129384","targetHints":{"allow":["GET"]}}],"collection":[{"href":"https:\/\/diarioregionaldigital.com.br\/index.php?rest_route=\/wp\/v2\/posts"}],"about":[{"href":"https:\/\/diarioregionaldigital.com.br\/index.php?rest_route=\/wp\/v2\/types\/post"}],"author":[{"embeddable":true,"href":"https:\/\/diarioregionaldigital.com.br\/index.php?rest_route=\/wp\/v2\/users\/96"}],"replies":[{"embeddable":true,"href":"https:\/\/diarioregionaldigital.com.br\/index.php?rest_route=%2Fwp%2Fv2%2Fcomments&post=129384"}],"version-history":[{"count":0,"href":"https:\/\/diarioregionaldigital.com.br\/index.php?rest_route=\/wp\/v2\/posts\/129384\/revisions"}],"wp:featuredmedia":[{"embeddable":true,"href":"https:\/\/diarioregionaldigital.com.br\/index.php?rest_route=\/wp\/v2\/media\/95836"}],"wp:attachment":[{"href":"https:\/\/diarioregionaldigital.com.br\/index.php?rest_route=%2Fwp%2Fv2%2Fmedia&parent=129384"}],"wp:term":[{"taxonomy":"category","embeddable":true,"href":"https:\/\/diarioregionaldigital.com.br\/index.php?rest_route=%2Fwp%2Fv2%2Fcategories&post=129384"},{"taxonomy":"post_tag","embeddable":true,"href":"https:\/\/diarioregionaldigital.com.br\/index.php?rest_route=%2Fwp%2Fv2%2Ftags&post=129384"}],"curies":[{"name":"wp","href":"https:\/\/api.w.org\/{rel}","templated":true}]}}