{"id":129372,"date":"2018-12-27T06:00:33","date_gmt":"2018-12-27T08:00:33","guid":{"rendered":"https:\/\/diarioregionaldigital.com.br\/?p=129372"},"modified":"2018-12-27T01:39:27","modified_gmt":"2018-12-27T03:39:27","slug":"belas-e-feras","status":"publish","type":"post","link":"https:\/\/diarioregionaldigital.com.br\/?p=129372","title":{"rendered":"Belas e Feras"},"content":{"rendered":"<p style=\"text-align: center;\"><span style=\"font-size: 18pt;\"><strong>Belas e Feras<\/strong><\/span><\/p>\n<p style=\"text-align: center;\">Em n\u00edvel de beleza total, este colunista selecionou os rostos e corpos mais bonitos que circulou durante 2018 em nossa coluna social on-line que, em uma nova fase completa em 2019 seu primeiro ano no ar. Confiram as belas e as feras.<\/p>\n<div id=\"attachment_129357\" style=\"width: 690px\" class=\"wp-caption aligncenter\"><img loading=\"lazy\" decoding=\"async\" aria-describedby=\"caption-attachment-129357\" class=\"wp-image-129357\" src=\"https:\/\/diarioregionaldigital.com.br\/wp-content\/uploads\/2018\/12\/fotoa-15-e1545861928390.jpg\" alt=\"\" width=\"680\" height=\"644\" srcset=\"https:\/\/diarioregionaldigital.com.br\/wp-content\/uploads\/2018\/12\/fotoa-15-e1545861928390.jpg 2301w, https:\/\/diarioregionaldigital.com.br\/wp-content\/uploads\/2018\/12\/fotoa-15-e1545861928390-300x284.jpg 300w, https:\/\/diarioregionaldigital.com.br\/wp-content\/uploads\/2018\/12\/fotoa-15-e1545861928390-768x727.jpg 768w, https:\/\/diarioregionaldigital.com.br\/wp-content\/uploads\/2018\/12\/fotoa-15-e1545861928390-1024x970.jpg 1024w, https:\/\/diarioregionaldigital.com.br\/wp-content\/uploads\/2018\/12\/fotoa-15-e1545861928390-360x341.jpg 360w\" sizes=\"auto, (max-width: 680px) 100vw, 680px\" \/><p id=\"caption-attachment-129357\" class=\"wp-caption-text\">O arquiteto radicado na Austr\u00e1lia, Vitor Wilson<\/p><\/div>\n<div id=\"attachment_129356\" style=\"width: 690px\" class=\"wp-caption aligncenter\"><img loading=\"lazy\" decoding=\"async\" aria-describedby=\"caption-attachment-129356\" class=\"wp-image-129356\" src=\"https:\/\/diarioregionaldigital.com.br\/wp-content\/uploads\/2018\/12\/fotoz-e1545862051473.jpg\" alt=\"\" width=\"680\" height=\"524\" srcset=\"https:\/\/diarioregionaldigital.com.br\/wp-content\/uploads\/2018\/12\/fotoz-e1545862051473.jpg 2062w, https:\/\/diarioregionaldigital.com.br\/wp-content\/uploads\/2018\/12\/fotoz-e1545862051473-300x231.jpg 300w, https:\/\/diarioregionaldigital.com.br\/wp-content\/uploads\/2018\/12\/fotoz-e1545862051473-768x592.jpg 768w, https:\/\/diarioregionaldigital.com.br\/wp-content\/uploads\/2018\/12\/fotoz-e1545862051473-1024x789.jpg 1024w, https:\/\/diarioregionaldigital.com.br\/wp-content\/uploads\/2018\/12\/fotoz-e1545862051473-360x277.jpg 360w\" sizes=\"auto, (max-width: 680px) 100vw, 680px\" \/><p id=\"caption-attachment-129356\" class=\"wp-caption-text\">Os lindos, Rodrigo Motta e Welinton Souza<\/p><\/div>\n<div id=\"attachment_129365\" style=\"width: 690px\" class=\"wp-caption aligncenter\"><img loading=\"lazy\" decoding=\"async\" aria-describedby=\"caption-attachment-129365\" class=\"wp-image-129365\" src=\"https:\/\/diarioregionaldigital.com.br\/wp-content\/uploads\/2018\/12\/fotog-15-e1545862081305.jpg\" alt=\"\" width=\"680\" height=\"482\" srcset=\"https:\/\/diarioregionaldigital.com.br\/wp-content\/uploads\/2018\/12\/fotog-15-e1545862081305.jpg 2352w, https:\/\/diarioregionaldigital.com.br\/wp-content\/uploads\/2018\/12\/fotog-15-e1545862081305-300x213.jpg 300w, https:\/\/diarioregionaldigital.com.br\/wp-content\/uploads\/2018\/12\/fotog-15-e1545862081305-768x545.jpg 768w, https:\/\/diarioregionaldigital.com.br\/wp-content\/uploads\/2018\/12\/fotog-15-e1545862081305-1024x726.jpg 1024w, https:\/\/diarioregionaldigital.com.br\/wp-content\/uploads\/2018\/12\/fotog-15-e1545862081305-750x530.jpg 750w, https:\/\/diarioregionaldigital.com.br\/wp-content\/uploads\/2018\/12\/fotog-15-e1545862081305-360x255.jpg 360w, https:\/\/diarioregionaldigital.com.br\/wp-content\/uploads\/2018\/12\/fotog-15-e1545862081305-100x70.jpg 100w\" sizes=\"auto, (max-width: 680px) 100vw, 680px\" \/><p id=\"caption-attachment-129365\" class=\"wp-caption-text\">Os empres\u00e1rios M\u00e1rcio Marques e Ricardo Alex<\/p><\/div>\n<div id=\"attachment_129354\" style=\"width: 690px\" class=\"wp-caption aligncenter\"><img loading=\"lazy\" decoding=\"async\" aria-describedby=\"caption-attachment-129354\" class=\"wp-image-129354\" src=\"https:\/\/diarioregionaldigital.com.br\/wp-content\/uploads\/2018\/12\/fotox-e1545863698364.jpg\" alt=\"\" width=\"680\" height=\"585\" srcset=\"https:\/\/diarioregionaldigital.com.br\/wp-content\/uploads\/2018\/12\/fotox-e1545863698364.jpg 2338w, https:\/\/diarioregionaldigital.com.br\/wp-content\/uploads\/2018\/12\/fotox-e1545863698364-300x258.jpg 300w, https:\/\/diarioregionaldigital.com.br\/wp-content\/uploads\/2018\/12\/fotox-e1545863698364-768x661.jpg 768w, https:\/\/diarioregionaldigital.com.br\/wp-content\/uploads\/2018\/12\/fotox-e1545863698364-1024x881.jpg 1024w, https:\/\/diarioregionaldigital.com.br\/wp-content\/uploads\/2018\/12\/fotox-e1545863698364-360x310.jpg 360w\" sizes=\"auto, (max-width: 680px) 100vw, 680px\" \/><p id=\"caption-attachment-129354\" class=\"wp-caption-text\">A alegria do belo, Caio Penha<\/p><\/div>\n<div id=\"attachment_129353\" style=\"width: 690px\" class=\"wp-caption aligncenter\"><img loading=\"lazy\" decoding=\"async\" aria-describedby=\"caption-attachment-129353\" class=\"wp-image-129353\" src=\"https:\/\/diarioregionaldigital.com.br\/wp-content\/uploads\/2018\/12\/fotov-e1545863662829.jpg\" alt=\"\" width=\"680\" height=\"569\" srcset=\"https:\/\/diarioregionaldigital.com.br\/wp-content\/uploads\/2018\/12\/fotov-e1545863662829.jpg 2310w, https:\/\/diarioregionaldigital.com.br\/wp-content\/uploads\/2018\/12\/fotov-e1545863662829-300x251.jpg 300w, https:\/\/diarioregionaldigital.com.br\/wp-content\/uploads\/2018\/12\/fotov-e1545863662829-768x643.jpg 768w, https:\/\/diarioregionaldigital.com.br\/wp-content\/uploads\/2018\/12\/fotov-e1545863662829-1024x857.jpg 1024w, https:\/\/diarioregionaldigital.com.br\/wp-content\/uploads\/2018\/12\/fotov-e1545863662829-360x301.jpg 360w\" sizes=\"auto, (max-width: 680px) 100vw, 680px\" \/><p id=\"caption-attachment-129353\" class=\"wp-caption-text\">O professor de Educa\u00e7\u00e3o F\u00edsica e Malha\u00e7\u00e3o Carlos Queir\u00f3s<\/p><\/div>\n<div id=\"attachment_129351\" style=\"width: 690px\" class=\"wp-caption aligncenter\"><img loading=\"lazy\" decoding=\"async\" aria-describedby=\"caption-attachment-129351\" class=\"wp-image-129351\" src=\"https:\/\/diarioregionaldigital.com.br\/wp-content\/uploads\/2018\/12\/fotou-e1545862026913.jpg\" alt=\"\" width=\"680\" height=\"484\" srcset=\"https:\/\/diarioregionaldigital.com.br\/wp-content\/uploads\/2018\/12\/fotou-e1545862026913.jpg 2304w, https:\/\/diarioregionaldigital.com.br\/wp-content\/uploads\/2018\/12\/fotou-e1545862026913-300x214.jpg 300w, https:\/\/diarioregionaldigital.com.br\/wp-content\/uploads\/2018\/12\/fotou-e1545862026913-768x547.jpg 768w, https:\/\/diarioregionaldigital.com.br\/wp-content\/uploads\/2018\/12\/fotou-e1545862026913-1024x729.jpg 1024w, https:\/\/diarioregionaldigital.com.br\/wp-content\/uploads\/2018\/12\/fotou-e1545862026913-360x256.jpg 360w, https:\/\/diarioregionaldigital.com.br\/wp-content\/uploads\/2018\/12\/fotou-e1545862026913-100x70.jpg 100w\" sizes=\"auto, (max-width: 680px) 100vw, 680px\" \/><p id=\"caption-attachment-129351\" class=\"wp-caption-text\">O arquiteto e empres\u00e1rio Lucas Lorhan<\/p><\/div>\n<div id=\"attachment_129350\" style=\"width: 690px\" class=\"wp-caption aligncenter\"><img loading=\"lazy\" decoding=\"async\" aria-describedby=\"caption-attachment-129350\" class=\"wp-image-129350\" src=\"https:\/\/diarioregionaldigital.com.br\/wp-content\/uploads\/2018\/12\/fotot-e1545863550284.jpg\" alt=\"\" width=\"680\" height=\"596\" srcset=\"https:\/\/diarioregionaldigital.com.br\/wp-content\/uploads\/2018\/12\/fotot-e1545863550284.jpg 2302w, https:\/\/diarioregionaldigital.com.br\/wp-content\/uploads\/2018\/12\/fotot-e1545863550284-300x263.jpg 300w, https:\/\/diarioregionaldigital.com.br\/wp-content\/uploads\/2018\/12\/fotot-e1545863550284-768x674.jpg 768w, https:\/\/diarioregionaldigital.com.br\/wp-content\/uploads\/2018\/12\/fotot-e1545863550284-1024x898.jpg 1024w, https:\/\/diarioregionaldigital.com.br\/wp-content\/uploads\/2018\/12\/fotot-e1545863550284-685x600.jpg 685w, https:\/\/diarioregionaldigital.com.br\/wp-content\/uploads\/2018\/12\/fotot-e1545863550284-360x316.jpg 360w\" sizes=\"auto, (max-width: 680px) 100vw, 680px\" \/><p id=\"caption-attachment-129350\" class=\"wp-caption-text\">O designer Rodrigo Bissoli<\/p><\/div>\n<div id=\"attachment_129349\" style=\"width: 690px\" class=\"wp-caption aligncenter\"><img loading=\"lazy\" decoding=\"async\" aria-describedby=\"caption-attachment-129349\" class=\"wp-image-129349\" src=\"https:\/\/diarioregionaldigital.com.br\/wp-content\/uploads\/2018\/12\/fotos-e1545863578889.jpg\" alt=\"\" width=\"680\" height=\"576\" srcset=\"https:\/\/diarioregionaldigital.com.br\/wp-content\/uploads\/2018\/12\/fotos-e1545863578889.jpg 2329w, https:\/\/diarioregionaldigital.com.br\/wp-content\/uploads\/2018\/12\/fotos-e1545863578889-300x254.jpg 300w, https:\/\/diarioregionaldigital.com.br\/wp-content\/uploads\/2018\/12\/fotos-e1545863578889-768x651.jpg 768w, https:\/\/diarioregionaldigital.com.br\/wp-content\/uploads\/2018\/12\/fotos-e1545863578889-1024x867.jpg 1024w, https:\/\/diarioregionaldigital.com.br\/wp-content\/uploads\/2018\/12\/fotos-e1545863578889-360x305.jpg 360w\" sizes=\"auto, (max-width: 680px) 100vw, 680px\" \/><p id=\"caption-attachment-129349\" class=\"wp-caption-text\">A diva Fabiana Ballesteros<\/p><\/div>\n<div id=\"attachment_129348\" style=\"width: 690px\" class=\"wp-caption aligncenter\"><img loading=\"lazy\" decoding=\"async\" aria-describedby=\"caption-attachment-129348\" class=\"wp-image-129348\" src=\"https:\/\/diarioregionaldigital.com.br\/wp-content\/uploads\/2018\/12\/fotor-e1545862106852.jpg\" alt=\"\" width=\"680\" height=\"536\" srcset=\"https:\/\/diarioregionaldigital.com.br\/wp-content\/uploads\/2018\/12\/fotor-e1545862106852.jpg 2235w, https:\/\/diarioregionaldigital.com.br\/wp-content\/uploads\/2018\/12\/fotor-e1545862106852-300x237.jpg 300w, https:\/\/diarioregionaldigital.com.br\/wp-content\/uploads\/2018\/12\/fotor-e1545862106852-768x606.jpg 768w, https:\/\/diarioregionaldigital.com.br\/wp-content\/uploads\/2018\/12\/fotor-e1545862106852-1024x808.jpg 1024w, https:\/\/diarioregionaldigital.com.br\/wp-content\/uploads\/2018\/12\/fotor-e1545862106852-360x284.jpg 360w\" sizes=\"auto, (max-width: 680px) 100vw, 680px\" \/><p id=\"caption-attachment-129348\" class=\"wp-caption-text\">Fazendo estilo, Emerson Moreira<\/p><\/div>\n<div id=\"attachment_129358\" style=\"width: 690px\" class=\"wp-caption aligncenter\"><img loading=\"lazy\" decoding=\"async\" aria-describedby=\"caption-attachment-129358\" class=\"wp-image-129358\" src=\"https:\/\/diarioregionaldigital.com.br\/wp-content\/uploads\/2018\/12\/fotoaa-4-e1545863733940.jpg\" alt=\"\" width=\"680\" height=\"574\" srcset=\"https:\/\/diarioregionaldigital.com.br\/wp-content\/uploads\/2018\/12\/fotoaa-4-e1545863733940.jpg 640w, https:\/\/diarioregionaldigital.com.br\/wp-content\/uploads\/2018\/12\/fotoaa-4-e1545863733940-300x253.jpg 300w, https:\/\/diarioregionaldigital.com.br\/wp-content\/uploads\/2018\/12\/fotoaa-4-e1545863733940-360x304.jpg 360w\" sizes=\"auto, (max-width: 680px) 100vw, 680px\" \/><p id=\"caption-attachment-129358\" class=\"wp-caption-text\">A Rainha da Primavera da ASE, Isadora Sabino<\/p><\/div>\n<div id=\"attachment_129359\" style=\"width: 690px\" class=\"wp-caption aligncenter\"><img loading=\"lazy\" decoding=\"async\" aria-describedby=\"caption-attachment-129359\" class=\"wp-image-129359\" src=\"https:\/\/diarioregionaldigital.com.br\/wp-content\/uploads\/2018\/12\/fotobb-3-e1545862758843.jpg\" alt=\"\" width=\"680\" height=\"544\" srcset=\"https:\/\/diarioregionaldigital.com.br\/wp-content\/uploads\/2018\/12\/fotobb-3-e1545862758843.jpg 722w, https:\/\/diarioregionaldigital.com.br\/wp-content\/uploads\/2018\/12\/fotobb-3-e1545862758843-300x240.jpg 300w, https:\/\/diarioregionaldigital.com.br\/wp-content\/uploads\/2018\/12\/fotobb-3-e1545862758843-360x288.jpg 360w\" sizes=\"auto, (max-width: 680px) 100vw, 680px\" \/><p id=\"caption-attachment-129359\" class=\"wp-caption-text\">O coiffeur das estrelas, Lisandro Reis<\/p><\/div>\n<div id=\"attachment_129360\" style=\"width: 690px\" class=\"wp-caption aligncenter\"><img loading=\"lazy\" decoding=\"async\" aria-describedby=\"caption-attachment-129360\" class=\"wp-image-129360\" src=\"https:\/\/diarioregionaldigital.com.br\/wp-content\/uploads\/2018\/12\/fotoc-15-e1545862149700.jpg\" alt=\"\" width=\"680\" height=\"558\" srcset=\"https:\/\/diarioregionaldigital.com.br\/wp-content\/uploads\/2018\/12\/fotoc-15-e1545862149700.jpg 2322w, https:\/\/diarioregionaldigital.com.br\/wp-content\/uploads\/2018\/12\/fotoc-15-e1545862149700-300x246.jpg 300w, https:\/\/diarioregionaldigital.com.br\/wp-content\/uploads\/2018\/12\/fotoc-15-e1545862149700-768x631.jpg 768w, https:\/\/diarioregionaldigital.com.br\/wp-content\/uploads\/2018\/12\/fotoc-15-e1545862149700-1024x841.jpg 1024w, https:\/\/diarioregionaldigital.com.br\/wp-content\/uploads\/2018\/12\/fotoc-15-e1545862149700-220x180.jpg 220w, https:\/\/diarioregionaldigital.com.br\/wp-content\/uploads\/2018\/12\/fotoc-15-e1545862149700-360x296.jpg 360w\" sizes=\"auto, (max-width: 680px) 100vw, 680px\" \/><p id=\"caption-attachment-129360\" class=\"wp-caption-text\">O fot\u00f3grafo designer, Igor Oliveira<\/p><\/div>\n<div id=\"attachment_129362\" style=\"width: 690px\" class=\"wp-caption aligncenter\"><img loading=\"lazy\" decoding=\"async\" aria-describedby=\"caption-attachment-129362\" class=\"wp-image-129362\" src=\"https:\/\/diarioregionaldigital.com.br\/wp-content\/uploads\/2018\/12\/fotod-15-e1545862305280.jpg\" alt=\"\" width=\"680\" height=\"621\" srcset=\"https:\/\/diarioregionaldigital.com.br\/wp-content\/uploads\/2018\/12\/fotod-15-e1545862305280.jpg 2348w, https:\/\/diarioregionaldigital.com.br\/wp-content\/uploads\/2018\/12\/fotod-15-e1545862305280-300x274.jpg 300w, https:\/\/diarioregionaldigital.com.br\/wp-content\/uploads\/2018\/12\/fotod-15-e1545862305280-768x701.jpg 768w, https:\/\/diarioregionaldigital.com.br\/wp-content\/uploads\/2018\/12\/fotod-15-e1545862305280-1024x935.jpg 1024w, https:\/\/diarioregionaldigital.com.br\/wp-content\/uploads\/2018\/12\/fotod-15-e1545862305280-360x329.jpg 360w\" sizes=\"auto, (max-width: 680px) 100vw, 680px\" \/><p id=\"caption-attachment-129362\" class=\"wp-caption-text\">A modelo Brida Paraguass\u00fa<\/p><\/div>\n<div id=\"attachment_129361\" style=\"width: 690px\" class=\"wp-caption aligncenter\"><img loading=\"lazy\" decoding=\"async\" aria-describedby=\"caption-attachment-129361\" class=\"wp-image-129361\" src=\"https:\/\/diarioregionaldigital.com.br\/wp-content\/uploads\/2018\/12\/fotocc-2-e1545862127321.jpg\" alt=\"\" width=\"680\" height=\"507\" srcset=\"https:\/\/diarioregionaldigital.com.br\/wp-content\/uploads\/2018\/12\/fotocc-2-e1545862127321.jpg 714w, https:\/\/diarioregionaldigital.com.br\/wp-content\/uploads\/2018\/12\/fotocc-2-e1545862127321-300x224.jpg 300w, https:\/\/diarioregionaldigital.com.br\/wp-content\/uploads\/2018\/12\/fotocc-2-e1545862127321-360x268.jpg 360w\" sizes=\"auto, (max-width: 680px) 100vw, 680px\" \/><p id=\"caption-attachment-129361\" class=\"wp-caption-text\">A eleg\u00e2ncia da jovem senhora, Adelaide Rodrigues<\/p><\/div>\n<div id=\"attachment_129363\" style=\"width: 690px\" class=\"wp-caption aligncenter\"><img loading=\"lazy\" decoding=\"async\" aria-describedby=\"caption-attachment-129363\" class=\"wp-image-129363\" src=\"https:\/\/diarioregionaldigital.com.br\/wp-content\/uploads\/2018\/12\/fotoe-13-e1545862398431.jpg\" alt=\"\" width=\"680\" height=\"628\" srcset=\"https:\/\/diarioregionaldigital.com.br\/wp-content\/uploads\/2018\/12\/fotoe-13-e1545862398431.jpg 2305w, https:\/\/diarioregionaldigital.com.br\/wp-content\/uploads\/2018\/12\/fotoe-13-e1545862398431-300x277.jpg 300w, https:\/\/diarioregionaldigital.com.br\/wp-content\/uploads\/2018\/12\/fotoe-13-e1545862398431-768x709.jpg 768w, https:\/\/diarioregionaldigital.com.br\/wp-content\/uploads\/2018\/12\/fotoe-13-e1545862398431-1024x946.jpg 1024w, https:\/\/diarioregionaldigital.com.br\/wp-content\/uploads\/2018\/12\/fotoe-13-e1545862398431-360x333.jpg 360w\" sizes=\"auto, (max-width: 680px) 100vw, 680px\" \/><p id=\"caption-attachment-129363\" class=\"wp-caption-text\">O jovem empres\u00e1rio Patrick Marocco<\/p><\/div>\n<div id=\"attachment_129364\" style=\"width: 690px\" class=\"wp-caption aligncenter\"><img loading=\"lazy\" decoding=\"async\" aria-describedby=\"caption-attachment-129364\" class=\"wp-image-129364\" src=\"https:\/\/diarioregionaldigital.com.br\/wp-content\/uploads\/2018\/12\/fotof-16-e1545862809765.jpg\" alt=\"\" width=\"680\" height=\"634\" srcset=\"https:\/\/diarioregionaldigital.com.br\/wp-content\/uploads\/2018\/12\/fotof-16-e1545862809765.jpg 2336w, https:\/\/diarioregionaldigital.com.br\/wp-content\/uploads\/2018\/12\/fotof-16-e1545862809765-300x280.jpg 300w, https:\/\/diarioregionaldigital.com.br\/wp-content\/uploads\/2018\/12\/fotof-16-e1545862809765-768x716.jpg 768w, https:\/\/diarioregionaldigital.com.br\/wp-content\/uploads\/2018\/12\/fotof-16-e1545862809765-1024x955.jpg 1024w, https:\/\/diarioregionaldigital.com.br\/wp-content\/uploads\/2018\/12\/fotof-16-e1545862809765-360x336.jpg 360w\" sizes=\"auto, (max-width: 680px) 100vw, 680px\" \/><p id=\"caption-attachment-129364\" class=\"wp-caption-text\">A modelo do ano 2018, Emilayni Werneck<\/p><\/div>\n<div id=\"attachment_129366\" style=\"width: 690px\" class=\"wp-caption aligncenter\"><img loading=\"lazy\" decoding=\"async\" aria-describedby=\"caption-attachment-129366\" class=\"wp-image-129366\" src=\"https:\/\/diarioregionaldigital.com.br\/wp-content\/uploads\/2018\/12\/fotoi-10-e1545862784668.jpg\" alt=\"\" width=\"680\" height=\"688\" srcset=\"https:\/\/diarioregionaldigital.com.br\/wp-content\/uploads\/2018\/12\/fotoi-10-e1545862784668.jpg 2400w, https:\/\/diarioregionaldigital.com.br\/wp-content\/uploads\/2018\/12\/fotoi-10-e1545862784668-296x300.jpg 296w, https:\/\/diarioregionaldigital.com.br\/wp-content\/uploads\/2018\/12\/fotoi-10-e1545862784668-768x777.jpg 768w, https:\/\/diarioregionaldigital.com.br\/wp-content\/uploads\/2018\/12\/fotoi-10-e1545862784668-1012x1024.jpg 1012w, https:\/\/diarioregionaldigital.com.br\/wp-content\/uploads\/2018\/12\/fotoi-10-e1545862784668-120x120.jpg 120w, https:\/\/diarioregionaldigital.com.br\/wp-content\/uploads\/2018\/12\/fotoi-10-e1545862784668-360x364.jpg 360w, https:\/\/diarioregionaldigital.com.br\/wp-content\/uploads\/2018\/12\/fotoi-10-e1545862784668-80x80.jpg 80w\" sizes=\"auto, (max-width: 680px) 100vw, 680px\" \/><p id=\"caption-attachment-129366\" class=\"wp-caption-text\">O sorriso saud\u00e1vel de Nelcimar Siqueira<\/p><\/div>\n<div id=\"attachment_129367\" style=\"width: 690px\" class=\"wp-caption aligncenter\"><img loading=\"lazy\" decoding=\"async\" aria-describedby=\"caption-attachment-129367\" class=\"wp-image-129367\" src=\"https:\/\/diarioregionaldigital.com.br\/wp-content\/uploads\/2018\/12\/fotoj-8-e1545862909483.jpg\" alt=\"\" width=\"680\" height=\"562\" srcset=\"https:\/\/diarioregionaldigital.com.br\/wp-content\/uploads\/2018\/12\/fotoj-8-e1545862909483.jpg 2346w, https:\/\/diarioregionaldigital.com.br\/wp-content\/uploads\/2018\/12\/fotoj-8-e1545862909483-300x248.jpg 300w, https:\/\/diarioregionaldigital.com.br\/wp-content\/uploads\/2018\/12\/fotoj-8-e1545862909483-768x634.jpg 768w, https:\/\/diarioregionaldigital.com.br\/wp-content\/uploads\/2018\/12\/fotoj-8-e1545862909483-1024x846.jpg 1024w, https:\/\/diarioregionaldigital.com.br\/wp-content\/uploads\/2018\/12\/fotoj-8-e1545862909483-360x297.jpg 360w\" sizes=\"auto, (max-width: 680px) 100vw, 680px\" \/><p id=\"caption-attachment-129367\" class=\"wp-caption-text\">A modelo Yasmin Marinho<\/p><\/div>\n<div id=\"attachment_129368\" style=\"width: 690px\" class=\"wp-caption aligncenter\"><img loading=\"lazy\" decoding=\"async\" aria-describedby=\"caption-attachment-129368\" class=\"wp-image-129368\" src=\"https:\/\/diarioregionaldigital.com.br\/wp-content\/uploads\/2018\/12\/fotol-7-e1545862940139.jpg\" alt=\"\" width=\"680\" height=\"670\" srcset=\"https:\/\/diarioregionaldigital.com.br\/wp-content\/uploads\/2018\/12\/fotol-7-e1545862940139.jpg 2303w, https:\/\/diarioregionaldigital.com.br\/wp-content\/uploads\/2018\/12\/fotol-7-e1545862940139-300x296.jpg 300w, https:\/\/diarioregionaldigital.com.br\/wp-content\/uploads\/2018\/12\/fotol-7-e1545862940139-768x757.jpg 768w, https:\/\/diarioregionaldigital.com.br\/wp-content\/uploads\/2018\/12\/fotol-7-e1545862940139-1024x1009.jpg 1024w, https:\/\/diarioregionaldigital.com.br\/wp-content\/uploads\/2018\/12\/fotol-7-e1545862940139-360x355.jpg 360w, https:\/\/diarioregionaldigital.com.br\/wp-content\/uploads\/2018\/12\/fotol-7-e1545862940139-80x80.jpg 80w\" sizes=\"auto, (max-width: 680px) 100vw, 680px\" \/><p id=\"caption-attachment-129368\" class=\"wp-caption-text\">A publicit\u00e1ria Mariana Noronha<\/p><\/div>\n<div id=\"attachment_129369\" style=\"width: 690px\" class=\"wp-caption aligncenter\"><img loading=\"lazy\" decoding=\"async\" aria-describedby=\"caption-attachment-129369\" class=\"wp-image-129369\" src=\"https:\/\/diarioregionaldigital.com.br\/wp-content\/uploads\/2018\/12\/fotom-4-e1545862836891.jpg\" alt=\"\" width=\"680\" height=\"578\" srcset=\"https:\/\/diarioregionaldigital.com.br\/wp-content\/uploads\/2018\/12\/fotom-4-e1545862836891.jpg 2417w, https:\/\/diarioregionaldigital.com.br\/wp-content\/uploads\/2018\/12\/fotom-4-e1545862836891-300x255.jpg 300w, https:\/\/diarioregionaldigital.com.br\/wp-content\/uploads\/2018\/12\/fotom-4-e1545862836891-768x652.jpg 768w, https:\/\/diarioregionaldigital.com.br\/wp-content\/uploads\/2018\/12\/fotom-4-e1545862836891-1024x870.jpg 1024w, https:\/\/diarioregionaldigital.com.br\/wp-content\/uploads\/2018\/12\/fotom-4-e1545862836891-360x306.jpg 360w\" sizes=\"auto, (max-width: 680px) 100vw, 680px\" \/><p id=\"caption-attachment-129369\" class=\"wp-caption-text\">O cabelereiro Igor Juliani<\/p><\/div>\n<div id=\"attachment_129370\" style=\"width: 690px\" class=\"wp-caption aligncenter\"><img loading=\"lazy\" decoding=\"async\" aria-describedby=\"caption-attachment-129370\" class=\"wp-image-129370\" src=\"https:\/\/diarioregionaldigital.com.br\/wp-content\/uploads\/2018\/12\/foton-4-e1545862859389.jpg\" alt=\"\" width=\"680\" height=\"672\" srcset=\"https:\/\/diarioregionaldigital.com.br\/wp-content\/uploads\/2018\/12\/foton-4-e1545862859389.jpg 2310w, https:\/\/diarioregionaldigital.com.br\/wp-content\/uploads\/2018\/12\/foton-4-e1545862859389-300x297.jpg 300w, https:\/\/diarioregionaldigital.com.br\/wp-content\/uploads\/2018\/12\/foton-4-e1545862859389-768x759.jpg 768w, https:\/\/diarioregionaldigital.com.br\/wp-content\/uploads\/2018\/12\/foton-4-e1545862859389-1024x1012.jpg 1024w, https:\/\/diarioregionaldigital.com.br\/wp-content\/uploads\/2018\/12\/foton-4-e1545862859389-120x120.jpg 120w, https:\/\/diarioregionaldigital.com.br\/wp-content\/uploads\/2018\/12\/foton-4-e1545862859389-360x356.jpg 360w, https:\/\/diarioregionaldigital.com.br\/wp-content\/uploads\/2018\/12\/foton-4-e1545862859389-80x80.jpg 80w\" sizes=\"auto, (max-width: 680px) 100vw, 680px\" \/><p id=\"caption-attachment-129370\" class=\"wp-caption-text\">A modelo e jornalista J\u00falia Horta<\/p><\/div>\n<div id=\"attachment_129371\" style=\"width: 690px\" class=\"wp-caption aligncenter\"><img loading=\"lazy\" decoding=\"async\" aria-describedby=\"caption-attachment-129371\" class=\"wp-image-129371\" src=\"https:\/\/diarioregionaldigital.com.br\/wp-content\/uploads\/2018\/12\/fotoo-4-e1545863624860.jpg\" alt=\"\" width=\"680\" height=\"641\" srcset=\"https:\/\/diarioregionaldigital.com.br\/wp-content\/uploads\/2018\/12\/fotoo-4-e1545863624860.jpg 2335w, https:\/\/diarioregionaldigital.com.br\/wp-content\/uploads\/2018\/12\/fotoo-4-e1545863624860-300x283.jpg 300w, https:\/\/diarioregionaldigital.com.br\/wp-content\/uploads\/2018\/12\/fotoo-4-e1545863624860-768x724.jpg 768w, https:\/\/diarioregionaldigital.com.br\/wp-content\/uploads\/2018\/12\/fotoo-4-e1545863624860-1024x965.jpg 1024w, https:\/\/diarioregionaldigital.com.br\/wp-content\/uploads\/2018\/12\/fotoo-4-e1545863624860-360x339.jpg 360w\" sizes=\"auto, (max-width: 680px) 100vw, 680px\" \/><p id=\"caption-attachment-129371\" class=\"wp-caption-text\">O belo da hora, Josean Pestana<\/p><\/div>\n<div id=\"attachment_129347\" style=\"width: 690px\" class=\"wp-caption aligncenter\"><img loading=\"lazy\" decoding=\"async\" aria-describedby=\"caption-attachment-129347\" class=\"wp-image-129347\" src=\"https:\/\/diarioregionaldigital.com.br\/wp-content\/uploads\/2018\/12\/fotop-1-e1545862886859.jpg\" alt=\"\" width=\"680\" height=\"657\" srcset=\"https:\/\/diarioregionaldigital.com.br\/wp-content\/uploads\/2018\/12\/fotop-1-e1545862886859.jpg 2188w, https:\/\/diarioregionaldigital.com.br\/wp-content\/uploads\/2018\/12\/fotop-1-e1545862886859-300x290.jpg 300w, https:\/\/diarioregionaldigital.com.br\/wp-content\/uploads\/2018\/12\/fotop-1-e1545862886859-768x742.jpg 768w, https:\/\/diarioregionaldigital.com.br\/wp-content\/uploads\/2018\/12\/fotop-1-e1545862886859-1024x990.jpg 1024w, https:\/\/diarioregionaldigital.com.br\/wp-content\/uploads\/2018\/12\/fotop-1-e1545862886859-360x348.jpg 360w\" sizes=\"auto, (max-width: 680px) 100vw, 680px\" \/><p id=\"caption-attachment-129347\" class=\"wp-caption-text\">O fot\u00f3grafo Jonhnny Pio<\/p><\/div>\n<p style=\"text-align: center;\"><strong>FOTOSS\u00cdNTESE<\/strong><\/p>\n<p>Em clima nasci para bailar, o super rev\u00e9illon do Trade Hotel vai reunir muita gente bonita e alto astral.<\/p>\n<p>Agendando para o dia 20 de janeiro de 2019, a super festa de anivers\u00e1rio do compositor, cantor e baluarte do Carnaval, Zez\u00e9 do Pandeiro. Ser\u00e1 no Mhall, e os convites na Loja Z\u00e9 Kodak.<\/p>\n<p>Eduardo Parente (ex-MRS Log\u00edstica JF), \u00e9 o novo presidente da Est\u00e1cio, que \u00e9 o segundo maior grupo de ensino do Brasil.<\/p>\n<p>Com a Arteria lotada, o m\u00fasico Estev\u00e3o Teixeira, festejou 41 anos de m\u00fasica tendo com ele no palco, Jurim Moreira, Cristov\u00e3o Bastos e Adriano Giffoni. Aplausos!<\/p>\n<p>Digno de todos os aplausos, a delegada Patr\u00edcia Ribeiro de Souza Oliveira \u00e9 a nova chefe do 4\u00ba Departamento de Pol\u00edcia C\u00edvil com extens\u00e3o em 85 cidades. Ela \u00e9 a primeira mulher a assumir o cargo na cidade.<\/p>\n<p>Engenheiros de realce na cidade se juntaram ao presidente Jo\u00e3o Carlos Navarro para festa de confraterniza\u00e7\u00e3o do Clube de Engenharia.<\/p>\n<p>Ligada a natureza, Samyra Furtado \u00e9 uma das organizadoras do sexto curso de ver\u00e3o em ecologia que est\u00e1 com inscri\u00e7\u00f5es abertas e ter\u00e1 inicio em 28 de janeiro.<\/p>\n<p>Papai Noel foi injusto e deixou muitas resid\u00eancias de Juiz de Fora na pen\u00faria. Ele disse que a culpa n\u00e3o foi dele!!!<\/p>\n<p>Foi inaugurado com discri\u00e7\u00e3o pelo chefe geral da Epamig, Claudio Furtado Soares, o centro de capacita\u00e7\u00e3o em latic\u00ednios no C\u00e2ndido Tostes, or\u00e7ado em R$1,2 milh\u00e3o.<\/p>\n<p>Para insinuar: Para sentir valor que trar\u00e1 al\u00edvio e seguran\u00e7a, aproxime apenas de pessoas de bons sentimentos. Bom dia.<\/p>\n","protected":false},"excerpt":{"rendered":"<p>Belas e Feras Em n\u00edvel de beleza total, este colunista selecionou os rostos e corpos mais bonitos que circulou durante 2018 em nossa coluna social on-line que, em uma nova fase completa em 2019 seu primeiro ano no ar. Confiram as belas e as feras. FOTOSS\u00cdNTESE Em clima nasci para bailar, o super rev\u00e9illon do [&hellip;]<\/p>\n","protected":false},"author":96,"featured_media":129381,"comment_status":"closed","ping_status":"closed","sticky":false,"template":"","format":"standard","meta":{"footnotes":""},"categories":[264],"tags":[],"class_list":["post-129372","post","type-post","status-publish","format-standard","has-post-thumbnail","hentry","category-eduardo-gomes"],"_links":{"self":[{"href":"https:\/\/diarioregionaldigital.com.br\/index.php?rest_route=\/wp\/v2\/posts\/129372","targetHints":{"allow":["GET"]}}],"collection":[{"href":"https:\/\/diarioregionaldigital.com.br\/index.php?rest_route=\/wp\/v2\/posts"}],"about":[{"href":"https:\/\/diarioregionaldigital.com.br\/index.php?rest_route=\/wp\/v2\/types\/post"}],"author":[{"embeddable":true,"href":"https:\/\/diarioregionaldigital.com.br\/index.php?rest_route=\/wp\/v2\/users\/96"}],"replies":[{"embeddable":true,"href":"https:\/\/diarioregionaldigital.com.br\/index.php?rest_route=%2Fwp%2Fv2%2Fcomments&post=129372"}],"version-history":[{"count":0,"href":"https:\/\/diarioregionaldigital.com.br\/index.php?rest_route=\/wp\/v2\/posts\/129372\/revisions"}],"wp:featuredmedia":[{"embeddable":true,"href":"https:\/\/diarioregionaldigital.com.br\/index.php?rest_route=\/wp\/v2\/media\/129381"}],"wp:attachment":[{"href":"https:\/\/diarioregionaldigital.com.br\/index.php?rest_route=%2Fwp%2Fv2%2Fmedia&parent=129372"}],"wp:term":[{"taxonomy":"category","embeddable":true,"href":"https:\/\/diarioregionaldigital.com.br\/index.php?rest_route=%2Fwp%2Fv2%2Fcategories&post=129372"},{"taxonomy":"post_tag","embeddable":true,"href":"https:\/\/diarioregionaldigital.com.br\/index.php?rest_route=%2Fwp%2Fv2%2Ftags&post=129372"}],"curies":[{"name":"wp","href":"https:\/\/api.w.org\/{rel}","templated":true}]}}