{"id":129343,"date":"2018-12-26T18:49:01","date_gmt":"2018-12-26T20:49:01","guid":{"rendered":"https:\/\/diarioregionaldigital.com.br\/?p=129343"},"modified":"2018-12-26T18:49:01","modified_gmt":"2018-12-26T20:49:01","slug":"defesa-civil-recebeu-100-ocorrencias-em-dois-dias-em-juiz-de-fora","status":"publish","type":"post","link":"https:\/\/diarioregionaldigital.com.br\/?p=129343","title":{"rendered":"Defesa Civil recebeu 100 ocorr\u00eancias em dois dias em Juiz de Fora"},"content":{"rendered":"<p>Somente nesta quarta-feira, 26, a Defesa Civil de Juiz de Fora recebeu 41 chamados devido \u00e0s chuvas. \u00a0Desde o dia 24, j\u00e1 s\u00e3o 100 ocorr\u00eancias, sendo 74 na regi\u00e3o leste. Durante o dia, quase 300 servidores participaram dos atendimentos para minimizar os problemas causados pelas chuvas.<\/p>\n<p>Entre os bairros, Graminha registrou o maior \u00edndice pluviom\u00e9trico nas \u00faltimas 6 horas, 27,34 mm, seguido de Monte Castelo, 23,25 mm e Passos Del Rei, 23,01 mm. Al\u00e9m disso, o Rio Paraibuna voltou a subir, atingindo 2,10 metros.\u00a0At\u00e9 o momento s\u00e3o sete fam\u00edlias desalojadas.<\/p>\n<p><strong>CORRENTE DO BEM<\/strong><\/p>\n<p>A &#8220;Corrente do Bem&#8221;, campanha organizada pelo Bem Comum, est\u00e1 mobilizando toda a cidade. Os postos de recolhimento est\u00e3o lotados de doa\u00e7\u00e3o. Na sede da Defesa Civil tamb\u00e9m j\u00e1 chegaram v\u00e1rios donativos como itens de cesta b\u00e1sica, materiais de limpeza e higiene pessoal, roupas de cama, cobertores e m\u00f3veis. No momento, a Defesa Civil pede como prioridade para doa\u00e7\u00e3o roupas de cama e banho e materiais de limpeza e higiene pessoal.<\/p>\n<p><strong>LIMPEZA<\/strong><\/p>\n<p>A Secretaria de Obras (SO) realizou limpeza da Rua Vitorino Braga (incluindo lixo e entulho), da rua Ces\u00e1rio Alvim e das ruas It\u00e1lia e Jos\u00e9 Sobreira, no Linhares.\u00a0Al\u00e9m disso, foi feito conserto de eros\u00f5es e limpeza de bocas de lobo em v\u00e1rios pontos atingidos pelas chuvas. A SO tamb\u00e9m fez a retirada de um ve\u00edculo ca\u00eddo no c\u00f3rrego Tapera, no bairro Eldorado.\u00a0Para esta quinta-feira, 27, est\u00e1 programado a continuidade dos trabalhos no Vitorino Braga e no Linhares, incluindo a manuten\u00e7\u00e3o das bocas de lobo da Rua Vitorino Braga.<\/p>\n<p>A\u00a0Cesama continua dando apoio ao\u00a0Departamento Municipal de Limpeza Urbana (Demlurb) na limpeza das vias, al\u00e9m de estar verificando problemas de falta de \u00e1gua e eros\u00f5es.<\/p>\n<p>O Demlurb j\u00e1 realizou a retirada de 110 caminh\u00f5es de lama e entulho em locais atingidos pelas chuvas. O trabalho come\u00e7ou \u00e0s 7h desta ter\u00e7a, 25, e prossegue nesta quinta, 27.\u00a0O foco das a\u00e7\u00f5es \u00e9 a regi\u00e3o Leste, sobretudo Vitorino Braga e Linhares. Al\u00e9m da lama, o departamento tamb\u00e9m est\u00e1 ajudando a retirar os entulhos que est\u00e3o sendo depositados por moradores e comerciantes locais, com o apoio de 10 caminh\u00f5es, tr\u00eas m\u00e1quinas p\u00e1 carregadeira e tr\u00eas caminh\u00f5es pipa. Avenidas e ruas do Centro, como Andradas, Francisco Bernardino, Floriano Peixoto, Sampaio e adjacentes, tamb\u00e9m receberam limpeza de lixo, entulho e retirada de terra acumulada.<\/p>\n<p><strong>\u00d4NIBUS<\/strong><\/p>\n<p>As linhas de \u00f4nibus que passam pela Rua Ces\u00e1rio Alvim tiveram altera\u00e7\u00e3o de itiner\u00e1rio. No sentido bairro\/Centro os \u00f4nibus est\u00e3o subindo pela Rua S\u00e3o Bernardo.<\/p>\n<p>&nbsp;<\/p>\n","protected":false},"excerpt":{"rendered":"<p>Somente nesta quarta-feira, 26, a Defesa Civil de Juiz de Fora recebeu 41 chamados devido \u00e0s chuvas. \u00a0Desde o dia 24, j\u00e1 s\u00e3o 100 ocorr\u00eancias, sendo 74 na regi\u00e3o leste. Durante o dia, quase 300 servidores participaram dos atendimentos para minimizar os problemas causados pelas chuvas. Entre os bairros, Graminha registrou o maior \u00edndice pluviom\u00e9trico [&hellip;]<\/p>\n","protected":false},"author":96,"featured_media":129344,"comment_status":"closed","ping_status":"closed","sticky":false,"template":"","format":"standard","meta":{"footnotes":""},"categories":[253,436,440,439],"tags":[],"class_list":["post-129343","post","type-post","status-publish","format-standard","has-post-thumbnail","hentry","category-cidade","category-destaque-da-semana","category-destaques-do-dia","category-ultima-hora"],"_links":{"self":[{"href":"https:\/\/diarioregionaldigital.com.br\/index.php?rest_route=\/wp\/v2\/posts\/129343","targetHints":{"allow":["GET"]}}],"collection":[{"href":"https:\/\/diarioregionaldigital.com.br\/index.php?rest_route=\/wp\/v2\/posts"}],"about":[{"href":"https:\/\/diarioregionaldigital.com.br\/index.php?rest_route=\/wp\/v2\/types\/post"}],"author":[{"embeddable":true,"href":"https:\/\/diarioregionaldigital.com.br\/index.php?rest_route=\/wp\/v2\/users\/96"}],"replies":[{"embeddable":true,"href":"https:\/\/diarioregionaldigital.com.br\/index.php?rest_route=%2Fwp%2Fv2%2Fcomments&post=129343"}],"version-history":[{"count":0,"href":"https:\/\/diarioregionaldigital.com.br\/index.php?rest_route=\/wp\/v2\/posts\/129343\/revisions"}],"wp:featuredmedia":[{"embeddable":true,"href":"https:\/\/diarioregionaldigital.com.br\/index.php?rest_route=\/wp\/v2\/media\/129344"}],"wp:attachment":[{"href":"https:\/\/diarioregionaldigital.com.br\/index.php?rest_route=%2Fwp%2Fv2%2Fmedia&parent=129343"}],"wp:term":[{"taxonomy":"category","embeddable":true,"href":"https:\/\/diarioregionaldigital.com.br\/index.php?rest_route=%2Fwp%2Fv2%2Fcategories&post=129343"},{"taxonomy":"post_tag","embeddable":true,"href":"https:\/\/diarioregionaldigital.com.br\/index.php?rest_route=%2Fwp%2Fv2%2Ftags&post=129343"}],"curies":[{"name":"wp","href":"https:\/\/api.w.org\/{rel}","templated":true}]}}