{"id":129325,"date":"2018-12-26T17:43:07","date_gmt":"2018-12-26T19:43:07","guid":{"rendered":"https:\/\/diarioregionaldigital.com.br\/?p=129325"},"modified":"2018-12-26T17:43:07","modified_gmt":"2018-12-26T19:43:07","slug":"em-seu-ultimo-relatorio-do-ano-ifi-diz-que-economia-continua-em-recuperacao","status":"publish","type":"post","link":"https:\/\/diarioregionaldigital.com.br\/?p=129325","title":{"rendered":"Em seu \u00faltimo relat\u00f3rio do ano, IFI diz que economia continua em recupera\u00e7\u00e3o"},"content":{"rendered":"<p>A Institui\u00e7\u00e3o Fiscal Independente (IFI) divulgou o \u00faltimo Relat\u00f3rio de Acompanhamento Fiscal (RAF) deste ano.<\/p>\n<p>No documento, a entidade afirma que a economia brasileira apresenta recupera\u00e7\u00e3o persistente, mas ainda insuficiente para recolocar o pa\u00eds nos n\u00edveis do in\u00edcio do ano de 2014, quando a crise econ\u00f4mica come\u00e7ou a se aprofundar.<\/p>\n<p>De acordo com a avalia\u00e7\u00e3o da IFI, o restabelecimento do patamar observado no in\u00edcio de 2014 s\u00f3 ocorrer\u00e1 em 2020. O relat\u00f3rio tamb\u00e9m mostra a recupera\u00e7\u00e3o do consumo, impulsionado pelo cr\u00e9dito mais barato.<\/p>\n<p>Ainda segundo a IFI, a recupera\u00e7\u00e3o do consumo das fam\u00edlias vem ajudando a reativar o cr\u00e9dito e aliviar o comprometimento de renda das fam\u00edlias com d\u00edvidas banc\u00e1rias.<\/p>\n<p>A entidade tamb\u00e9m diz que a taxa de desemprego est\u00e1 diminuindo lentamente, ficando em 11,7% em outubro, o que reflete a expans\u00e3o das vagas no setor informal e no trabalho por conta pr\u00f3pria, mas com diminui\u00e7\u00e3o da popula\u00e7\u00e3o ocupada com carteira assinada no setor privado.<\/p>\n<p>O RAF deste m\u00eas tamb\u00e9m apresenta ainda um t\u00f3pico especial sobre a evolu\u00e7\u00e3o da carga tribut\u00e1ria no Brasil comparada com os outros 35 pa\u00edses da Organiza\u00e7\u00e3o para a Coopera\u00e7\u00e3o e Desenvolvimento Econ\u00f4mico (OCDE).<\/p>\n<p>Uma novidade \u00e9 que, a partir deste m\u00eas, o site do RAF contar\u00e1 com arquivo com todos os gr\u00e1ficos e dados do relat\u00f3rio em formato de planilha eletr\u00f4nica que pode ser baixado pelos internautas.<\/p>\n<p>Fonte: Ag\u00eancia Senado<\/p>\n","protected":false},"excerpt":{"rendered":"<p>A Institui\u00e7\u00e3o Fiscal Independente (IFI) divulgou o \u00faltimo Relat\u00f3rio de Acompanhamento Fiscal (RAF) deste ano. No documento, a entidade afirma que a economia brasileira apresenta recupera\u00e7\u00e3o persistente, mas ainda insuficiente para recolocar o pa\u00eds nos n\u00edveis do in\u00edcio do ano de 2014, quando a crise econ\u00f4mica come\u00e7ou a se aprofundar. De acordo com a avalia\u00e7\u00e3o [&hellip;]<\/p>\n","protected":false},"author":96,"featured_media":129330,"comment_status":"closed","ping_status":"closed","sticky":false,"template":"","format":"standard","meta":{"footnotes":""},"categories":[436,254,439],"tags":[],"class_list":["post-129325","post","type-post","status-publish","format-standard","has-post-thumbnail","hentry","category-destaque-da-semana","category-politica","category-ultima-hora"],"_links":{"self":[{"href":"https:\/\/diarioregionaldigital.com.br\/index.php?rest_route=\/wp\/v2\/posts\/129325","targetHints":{"allow":["GET"]}}],"collection":[{"href":"https:\/\/diarioregionaldigital.com.br\/index.php?rest_route=\/wp\/v2\/posts"}],"about":[{"href":"https:\/\/diarioregionaldigital.com.br\/index.php?rest_route=\/wp\/v2\/types\/post"}],"author":[{"embeddable":true,"href":"https:\/\/diarioregionaldigital.com.br\/index.php?rest_route=\/wp\/v2\/users\/96"}],"replies":[{"embeddable":true,"href":"https:\/\/diarioregionaldigital.com.br\/index.php?rest_route=%2Fwp%2Fv2%2Fcomments&post=129325"}],"version-history":[{"count":0,"href":"https:\/\/diarioregionaldigital.com.br\/index.php?rest_route=\/wp\/v2\/posts\/129325\/revisions"}],"wp:featuredmedia":[{"embeddable":true,"href":"https:\/\/diarioregionaldigital.com.br\/index.php?rest_route=\/wp\/v2\/media\/129330"}],"wp:attachment":[{"href":"https:\/\/diarioregionaldigital.com.br\/index.php?rest_route=%2Fwp%2Fv2%2Fmedia&parent=129325"}],"wp:term":[{"taxonomy":"category","embeddable":true,"href":"https:\/\/diarioregionaldigital.com.br\/index.php?rest_route=%2Fwp%2Fv2%2Fcategories&post=129325"},{"taxonomy":"post_tag","embeddable":true,"href":"https:\/\/diarioregionaldigital.com.br\/index.php?rest_route=%2Fwp%2Fv2%2Ftags&post=129325"}],"curies":[{"name":"wp","href":"https:\/\/api.w.org\/{rel}","templated":true}]}}